{"id":20494,"date":"2026-02-25T13:40:37","date_gmt":"2026-02-25T13:40:37","guid":{"rendered":"https:\/\/zsme.poznan.pl\/?p=20494"},"modified":"2026-03-17T14:37:33","modified_gmt":"2026-03-17T14:37:33","slug":"ochotnicza-straz-pozarna-w-zespole-szkol-mechanicznych-im-komisji-edukacji-narodowej-w-poznaniu","status":"publish","type":"post","link":"https:\/\/zsme.poznan.pl\/?p=20494","title":{"rendered":"Ochotnicza Stra\u017c Po\u017carna w Zespole Szk\u00f3\u0142 Mechanicznych im. Komisji Edukacji Narodowej w Poznaniu"},"content":{"rendered":"<p><strong>7 pa\u017adziernika 2025 roku w naszej szkole utworzono Ochotnicz\u0105 Stra\u017c Po\u017carn\u0105.<\/strong> W zebraniu za\u0142o\u017cycielskim bra\u0142o udzia\u0142 18 os\u00f3b \u2013 troje nauczycieli oraz pi\u0119tnastu kadet\u00f3w klas stra\u017cackich, kt\u00f3rzy wsp\u00f3lnie podj\u0119li decyzj\u0119 o za\u0142o\u017ceniu OSP w ZSM im. KEN w Poznaniu i wpisaniu jej do Krajowego Rejestru S\u0105dowego.<\/p>\n<p>Ide\u0105, kt\u00f3ra przy\u015bwieca\u0142a za\u0142o\u017cycielom, by\u0142o profesjonalne przygotowanie kadet\u00f3w klas stra\u017cackich do ich wymarzonej s\u0142u\u017cby. Dlatego uczniowie tych klas w zakresie przedmiotu \u201eedukacja po\u017carnicza\u201d b\u0119d\u0105 realizowa\u0107 kurs podstawowy stra\u017caka ratownika OSP, a w ramach dzia\u0142a\u0144 Ochotniczej Stra\u017cy Po\u017carnej w naszej szkole zdob\u0119d\u0105 praktyczne umiej\u0119tno\u015bci reagowania na zagro\u017cenia, wykorzystuj\u0105c do tego sprawdzone programy szkolenia dla stra\u017cak\u00f3w OSP, kt\u00f3re zako\u0144cz\u0105 si\u0119 konkretnymi za\u015bwiadczeniami potwierdzaj\u0105cymi nabycie okre\u015blonych uprawnie\u0144.<\/p>\n<p>W trakcie zebrania za\u0142o\u017cycielskiego wy\u0142oniono Zarz\u0105d OSP w ZSM im. KEN w Poznaniu w sk\u0142adzie:<\/p>\n<p>Prezes \u2013 Agnieszka Poli\u0144ska<\/p>\n<p>Naczelnik\/ Z-ca Prezesa \u2013 Bruno Wr\u00f3bel<\/p>\n<p>Skarbnik \u2013 Eryk Kawala<\/p>\n<p>Przyj\u0119to r\u00f3wnie\u017c szereg uchwa\u0142, m.in. o przyst\u0105pieniu naszej Ochotniczej Stra\u017cy Po\u017carnej do Zwi\u0105zku Ochotniczych Stra\u017cy Po\u017carnych Rzeczypospolitej Polskiej.<\/p>\n<p><strong>21 stycznia 2026 roku Ochotnicza Stra\u017c Po\u017carna w Zespole Szk\u00f3\u0142 Mechanicznych im. Komisji Edukacji Narodowej w Poznaniu uzyska\u0142a wpis do KRS o numerze 0001218744 i rozpocz\u0119\u0142a oficjalnie swoj\u0105 dzia\u0142alno\u015b\u0107! <\/strong><\/p>\n<p>Ochotnicze Stra\u017ce Po\u017carne w Polsce stanowi\u0105 jeden z fundament\u00f3w budowania odporno\u015bci spo\u0142ecznej w ramach ochrony ludno\u015bci i obrony cywilnej, dlatego podwoje OSP w ZSM im. KEN, jak w ka\u017cdej Ochotniczej Stra\u017cy Po\u017carnej, otwarte s\u0105 dla wszystkich ch\u0119tnych, kt\u00f3rym bliskie jest podejmowanie dzia\u0142a\u0144 w celu ochrony \u017cycia, zdrowia, mienia lub \u015brodowiska. Serdecznie zapraszamy, Ty te\u017c mo\u017cesz si\u0119 szkoli\u0107 i dzia\u0142a\u0107!<\/p>\n<p><a href=\"https:\/\/zsme.poznan.pl\/wp-content\/uploads\/2026\/03\/grupa-zalozycieli-OSP-w-ZSM-scaled.jpg\" data-rel=\"lightbox-image-0\" data-rl_title=\"\" data-rl_caption=\"\"><img fetchpriority=\"high\" decoding=\"async\" class=\"aligncenter wp-image-20495 size-full\" title=\"\" src=\"https:\/\/zsme.poznan.pl\/wp-content\/uploads\/2026\/03\/grupa-zalozycieli-OSP-w-ZSM-scaled.jpg\" alt=\"grupa za\u0142o\u017cycieli OSP w ZSM\" width=\"2560\" height=\"1154\" srcset=\"https:\/\/zsme.poznan.pl\/wp-content\/uploads\/2026\/03\/grupa-zalozycieli-OSP-w-ZSM-scaled.jpg 2560w, https:\/\/zsme.poznan.pl\/wp-content\/uploads\/2026\/03\/grupa-zalozycieli-OSP-w-ZSM-300x135.jpg 300w, https:\/\/zsme.poznan.pl\/wp-content\/uploads\/2026\/03\/grupa-zalozycieli-OSP-w-ZSM-1024x462.jpg 1024w, https:\/\/zsme.poznan.pl\/wp-content\/uploads\/2026\/03\/grupa-zalozycieli-OSP-w-ZSM-768x346.jpg 768w, https:\/\/zsme.poznan.pl\/wp-content\/uploads\/2026\/03\/grupa-zalozycieli-OSP-w-ZSM-1536x692.jpg 1536w, https:\/\/zsme.poznan.pl\/wp-content\/uploads\/2026\/03\/grupa-zalozycieli-OSP-w-ZSM-2048x923.jpg 2048w\" sizes=\"(max-width: 2560px) 100vw, 2560px\" \/><\/a><\/p>\n","protected":false},"excerpt":{"rendered":"<p>7 pa\u017adziernika 2025 roku w naszej szkole utworzono Ochotnicz\u0105 Stra\u017c Po\u017carn\u0105. W zebraniu za\u0142o\u017cycielskim bra\u0142o udzia\u0142 18 os\u00f3b \u2013 troje nauczycieli oraz pi\u0119tnastu kadet\u00f3w klas stra\u017cackich, kt\u00f3rzy wsp\u00f3lnie podj\u0119li decyzj\u0119 o za\u0142o\u017ceniu OSP w ZSM im. KEN w Poznaniu i wpisaniu jej do Krajowego Rejestru S\u0105dowego. Ide\u0105, kt\u00f3ra przy\u015bwieca\u0142a za\u0142o\u017cycielom, by\u0142o profesjonalne przygotowanie kadet\u00f3w klas [&hellip;]<\/p>\n","protected":false},"author":1,"featured_media":0,"comment_status":"open","ping_status":"open","sticky":false,"template":"","format":"standard","meta":{"footnotes":""},"categories":[38,72],"tags":[],"class_list":["post-20494","post","type-post","status-publish","format-standard","hentry","category-aktualnosci","category-osp"],"_links":{"self":[{"href":"https:\/\/zsme.poznan.pl\/index.php?rest_route=\/wp\/v2\/posts\/20494","targetHints":{"allow":["GET"]}}],"collection":[{"href":"https:\/\/zsme.poznan.pl\/index.php?rest_route=\/wp\/v2\/posts"}],"about":[{"href":"https:\/\/zsme.poznan.pl\/index.php?rest_route=\/wp\/v2\/types\/post"}],"author":[{"embeddable":true,"href":"https:\/\/zsme.poznan.pl\/index.php?rest_route=\/wp\/v2\/users\/1"}],"replies":[{"embeddable":true,"href":"https:\/\/zsme.poznan.pl\/index.php?rest_route=%2Fwp%2Fv2%2Fcomments&post=20494"}],"version-history":[{"count":1,"href":"https:\/\/zsme.poznan.pl\/index.php?rest_route=\/wp\/v2\/posts\/20494\/revisions"}],"predecessor-version":[{"id":20496,"href":"https:\/\/zsme.poznan.pl\/index.php?rest_route=\/wp\/v2\/posts\/20494\/revisions\/20496"}],"wp:attachment":[{"href":"https:\/\/zsme.poznan.pl\/index.php?rest_route=%2Fwp%2Fv2%2Fmedia&parent=20494"}],"wp:term":[{"taxonomy":"category","embeddable":true,"href":"https:\/\/zsme.poznan.pl\/index.php?rest_route=%2Fwp%2Fv2%2Fcategories&post=20494"},{"taxonomy":"post_tag","embeddable":true,"href":"https:\/\/zsme.poznan.pl\/index.php?rest_route=%2Fwp%2Fv2%2Ftags&post=20494"}],"curies":[{"name":"wp","href":"https:\/\/api.w.org\/{rel}","templated":true}]}}