{"id":20776,"date":"2026-04-13T11:40:56","date_gmt":"2026-04-13T11:40:56","guid":{"rendered":"https:\/\/zsme.poznan.pl\/?p=20776"},"modified":"2026-04-13T11:40:56","modified_gmt":"2026-04-13T11:40:56","slug":"brawo-dla-naszych-uczniow-za-dzisiejsze-dzialania-promocyjne-w-szkole-podstawowej-im-sprawiedliwych-wsrod-narodow-swiata-w-kamionkach","status":"publish","type":"post","link":"https:\/\/zsme.poznan.pl\/?p=20776","title":{"rendered":"Brawo dla naszych uczni\u00f3w za dzisiejsze dzia\u0142ania promocyjne w Szkole Podstawowej im. Sprawiedliwych W\u015br\u00f3d Narod\u00f3w \u015awiata w Kamionkach"},"content":{"rendered":"\n<p>Uda\u0142o si\u0119 nawet wprowadzi\u0107 elementy treningowe w\u015br\u00f3d \u00f3smoklasist\u00f3w&nbsp;<img decoding=\"async\" alt=\"\ud83d\ude0e\" src=\"https:\/\/fonts.gstatic.com\/s\/e\/notoemoji\/17.0\/1f60e\/32.png\"><img decoding=\"async\" alt=\"\ud83d\ude0e\" src=\"https:\/\/fonts.gstatic.com\/s\/e\/notoemoji\/17.0\/1f60e\/32.png\"><img decoding=\"async\" alt=\"\ud83d\ude03\" src=\"https:\/\/fonts.gstatic.com\/s\/e\/notoemoji\/17.0\/1f603\/32.png\"><img decoding=\"async\" alt=\"\ud83d\udcaa\" src=\"https:\/\/fonts.gstatic.com\/s\/e\/notoemoji\/17.0\/1f4aa\/32.png\"><img decoding=\"async\" alt=\"\ud83d\udd25\" src=\"https:\/\/fonts.gstatic.com\/s\/e\/notoemoji\/17.0\/1f525\/32.png\"><\/p>\n\n\n\n<p>Miko\u0142aj Pawlicki, Oskar Latusek, Pawe\u0142 Burkiciak i Cezary Kwas&#8212;&gt; spisali\u015bcie si\u0119 na medal przedstawiaj\u0105c ofert\u0119 naszej szko\u0142y i przybli\u017caj\u0105c przysz\u0142ym kandydatom nasz\u0105 szkoln\u0105 codzienno\u015b\u0107!&nbsp;<img decoding=\"async\" alt=\"\ud83d\udcaa\" src=\"https:\/\/fonts.gstatic.com\/s\/e\/notoemoji\/17.0\/1f4aa\/32.png\"><img decoding=\"async\" alt=\"\ud83d\udcaa\" src=\"https:\/\/fonts.gstatic.com\/s\/e\/notoemoji\/17.0\/1f4aa\/32.png\"><img decoding=\"async\" alt=\"\ud83d\udcaa\" src=\"https:\/\/fonts.gstatic.com\/s\/e\/notoemoji\/17.0\/1f4aa\/32.png\"><img decoding=\"async\" alt=\"\ud83c\udfc6\" src=\"https:\/\/fonts.gstatic.com\/s\/e\/notoemoji\/17.0\/1f3c6\/32.png\"><img decoding=\"async\" alt=\"\ud83c\udfc5\" src=\"https:\/\/fonts.gstatic.com\/s\/e\/notoemoji\/17.0\/1f3c5\/32.png\"><\/p>\n\n\n\n<p>Opiekunem w czasie wyjazdu byla p.Natalia Wasielewska.<\/p>\n\n\n\n<p>Przypominamy \u00f3smoklasistom o naszych terminach Drzwi Otwartych! Zapraszamy na \u015awierkow\u0105&nbsp;<img decoding=\"async\" alt=\"\ud83c\udf32\" src=\"https:\/\/fonts.gstatic.com\/s\/e\/notoemoji\/17.0\/1f332\/32.png\"><img decoding=\"async\" alt=\"\ud83c\udf32\" src=\"https:\/\/fonts.gstatic.com\/s\/e\/notoemoji\/17.0\/1f332\/32.png\"><img decoding=\"async\" alt=\"\ud83c\udf32\" src=\"https:\/\/fonts.gstatic.com\/s\/e\/notoemoji\/17.0\/1f332\/32.png\">:<\/p>\n\n\n\n<p><img decoding=\"async\" alt=\"\ud83d\udccd\" src=\"https:\/\/fonts.gstatic.com\/s\/e\/notoemoji\/17.0\/1f4cd\/32.png\">20 kwietnia- godz. 17:00-19:00<\/p>\n\n\n\n<p><img decoding=\"async\" alt=\"\ud83d\udccd\" src=\"https:\/\/fonts.gstatic.com\/s\/e\/notoemoji\/17.0\/1f4cd\/32.png\">&nbsp;22 maja- Drzwi Otwarte po\u0142\u0105czone z pilnikiem zawodowym 10:00-14:00<\/p>\n\n\n\n<figure class=\"wp-block-gallery has-nested-images columns-default is-cropped wp-block-gallery-1 is-layout-flex wp-block-gallery-is-layout-flex\">\n<figure class=\"wp-block-image size-large\"><a href=\"https:\/\/zsme.poznan.pl\/wp-content\/uploads\/2026\/04\/promocja-szkoly-w-SP-Kamionki-1.jpg\" data-rel=\"lightbox-image-0\" data-rl_title=\"\" data-rl_caption=\"\" title=\"\"><img fetchpriority=\"high\" decoding=\"async\" width=\"1024\" height=\"768\" data-id=\"20779\" src=\"https:\/\/zsme.poznan.pl\/wp-content\/uploads\/2026\/04\/promocja-szkoly-w-SP-Kamionki-1.jpg\" alt=\"promocja szko\u0142y w SP Kamionki (1)\" class=\"wp-image-20779\" srcset=\"https:\/\/zsme.poznan.pl\/wp-content\/uploads\/2026\/04\/promocja-szkoly-w-SP-Kamionki-1.jpg 1024w, https:\/\/zsme.poznan.pl\/wp-content\/uploads\/2026\/04\/promocja-szkoly-w-SP-Kamionki-1-300x225.jpg 300w, https:\/\/zsme.poznan.pl\/wp-content\/uploads\/2026\/04\/promocja-szkoly-w-SP-Kamionki-1-768x576.jpg 768w\" sizes=\"(max-width: 1024px) 100vw, 1024px\" \/><\/a><\/figure>\n\n\n\n<figure class=\"wp-block-image size-large\"><a href=\"https:\/\/zsme.poznan.pl\/wp-content\/uploads\/2026\/04\/promocja-szkoly-w-SP-Kamionki-2-rotated.jpg\" data-rel=\"lightbox-image-1\" data-rl_title=\"\" data-rl_caption=\"\" title=\"\"><img decoding=\"async\" width=\"768\" height=\"1024\" data-id=\"20780\" src=\"https:\/\/zsme.poznan.pl\/wp-content\/uploads\/2026\/04\/promocja-szkoly-w-SP-Kamionki-2-rotated.jpg\" alt=\"promocja szko\u0142y w SP Kamionki (2)\" class=\"wp-image-20780\" srcset=\"https:\/\/zsme.poznan.pl\/wp-content\/uploads\/2026\/04\/promocja-szkoly-w-SP-Kamionki-2-rotated.jpg 768w, https:\/\/zsme.poznan.pl\/wp-content\/uploads\/2026\/04\/promocja-szkoly-w-SP-Kamionki-2-225x300.jpg 225w\" sizes=\"(max-width: 768px) 100vw, 768px\" \/><\/a><\/figure>\n\n\n\n<figure class=\"wp-block-image size-large\"><a href=\"https:\/\/zsme.poznan.pl\/wp-content\/uploads\/2026\/04\/promocja-szkoly-w-SP-Kamionki-3-rotated.jpg\" data-rel=\"lightbox-image-2\" data-rl_title=\"\" data-rl_caption=\"\" title=\"\"><img decoding=\"async\" width=\"768\" height=\"1024\" data-id=\"20778\" src=\"https:\/\/zsme.poznan.pl\/wp-content\/uploads\/2026\/04\/promocja-szkoly-w-SP-Kamionki-3-rotated.jpg\" alt=\"promocja szko\u0142y w SP Kamionki (3)\" class=\"wp-image-20778\" srcset=\"https:\/\/zsme.poznan.pl\/wp-content\/uploads\/2026\/04\/promocja-szkoly-w-SP-Kamionki-3-rotated.jpg 768w, https:\/\/zsme.poznan.pl\/wp-content\/uploads\/2026\/04\/promocja-szkoly-w-SP-Kamionki-3-225x300.jpg 225w\" sizes=\"(max-width: 768px) 100vw, 768px\" \/><\/a><\/figure>\n\n\n\n<figure class=\"wp-block-image size-large\"><a href=\"https:\/\/zsme.poznan.pl\/wp-content\/uploads\/2026\/04\/promocja-szkoly-w-SP-Kamionki-4.jpg\" data-rel=\"lightbox-image-3\" data-rl_title=\"\" data-rl_caption=\"\" title=\"\"><img loading=\"lazy\" decoding=\"async\" width=\"1024\" height=\"768\" data-id=\"20777\" src=\"https:\/\/zsme.poznan.pl\/wp-content\/uploads\/2026\/04\/promocja-szkoly-w-SP-Kamionki-4.jpg\" alt=\"promocja szko\u0142y w SP Kamionki (4)\" class=\"wp-image-20777\" srcset=\"https:\/\/zsme.poznan.pl\/wp-content\/uploads\/2026\/04\/promocja-szkoly-w-SP-Kamionki-4.jpg 1024w, https:\/\/zsme.poznan.pl\/wp-content\/uploads\/2026\/04\/promocja-szkoly-w-SP-Kamionki-4-300x225.jpg 300w, https:\/\/zsme.poznan.pl\/wp-content\/uploads\/2026\/04\/promocja-szkoly-w-SP-Kamionki-4-768x576.jpg 768w\" sizes=\"(max-width: 1024px) 100vw, 1024px\" \/><\/a><\/figure>\n\n\n\n<figure class=\"wp-block-image size-large\"><a href=\"https:\/\/zsme.poznan.pl\/wp-content\/uploads\/2026\/04\/promocja-szkoly-w-SP-Kamionki-5-rotated.jpg\" data-rel=\"lightbox-image-4\" data-rl_title=\"\" data-rl_caption=\"\" title=\"\"><img loading=\"lazy\" decoding=\"async\" width=\"768\" height=\"1024\" data-id=\"20782\" src=\"https:\/\/zsme.poznan.pl\/wp-content\/uploads\/2026\/04\/promocja-szkoly-w-SP-Kamionki-5-rotated.jpg\" alt=\"promocja szko\u0142y w SP Kamionki (5)\" class=\"wp-image-20782\" srcset=\"https:\/\/zsme.poznan.pl\/wp-content\/uploads\/2026\/04\/promocja-szkoly-w-SP-Kamionki-5-rotated.jpg 768w, https:\/\/zsme.poznan.pl\/wp-content\/uploads\/2026\/04\/promocja-szkoly-w-SP-Kamionki-5-225x300.jpg 225w\" sizes=\"(max-width: 768px) 100vw, 768px\" \/><\/a><\/figure>\n\n\n\n<figure class=\"wp-block-image size-large\"><a href=\"https:\/\/zsme.poznan.pl\/wp-content\/uploads\/2026\/04\/promocja-szkoly-w-SP-Kamionki-6.jpg\" data-rel=\"lightbox-image-5\" data-rl_title=\"\" data-rl_caption=\"\" title=\"\"><img loading=\"lazy\" decoding=\"async\" width=\"1024\" height=\"768\" data-id=\"20781\" src=\"https:\/\/zsme.poznan.pl\/wp-content\/uploads\/2026\/04\/promocja-szkoly-w-SP-Kamionki-6.jpg\" alt=\"promocja szko\u0142y w SP Kamionki (6)\" class=\"wp-image-20781\" srcset=\"https:\/\/zsme.poznan.pl\/wp-content\/uploads\/2026\/04\/promocja-szkoly-w-SP-Kamionki-6.jpg 1024w, https:\/\/zsme.poznan.pl\/wp-content\/uploads\/2026\/04\/promocja-szkoly-w-SP-Kamionki-6-300x225.jpg 300w, https:\/\/zsme.poznan.pl\/wp-content\/uploads\/2026\/04\/promocja-szkoly-w-SP-Kamionki-6-768x576.jpg 768w\" sizes=\"(max-width: 1024px) 100vw, 1024px\" \/><\/a><\/figure>\n<\/figure>\n","protected":false},"excerpt":{"rendered":"<p>Uda\u0142o si\u0119 nawet wprowadzi\u0107 elementy treningowe w\u015br\u00f3d \u00f3smoklasist\u00f3w&nbsp; Miko\u0142aj Pawlicki, Oskar Latusek, Pawe\u0142 Burkiciak i Cezary Kwas&#8212;&gt; spisali\u015bcie si\u0119 na medal przedstawiaj\u0105c ofert\u0119 naszej szko\u0142y i przybli\u017caj\u0105c przysz\u0142ym kandydatom nasz\u0105 szkoln\u0105 codzienno\u015b\u0107!&nbsp; Opiekunem w czasie wyjazdu byla p.Natalia Wasielewska. Przypominamy \u00f3smoklasistom o naszych terminach Drzwi Otwartych! Zapraszamy na \u015awierkow\u0105&nbsp;: 20 kwietnia- godz. 17:00-19:00 &nbsp;22 maja- [&hellip;]<\/p>\n","protected":false},"author":1,"featured_media":0,"comment_status":"open","ping_status":"open","sticky":false,"template":"","format":"standard","meta":{"footnotes":""},"categories":[38],"tags":[],"class_list":["post-20776","post","type-post","status-publish","format-standard","hentry","category-aktualnosci"],"_links":{"self":[{"href":"https:\/\/zsme.poznan.pl\/index.php?rest_route=\/wp\/v2\/posts\/20776","targetHints":{"allow":["GET"]}}],"collection":[{"href":"https:\/\/zsme.poznan.pl\/index.php?rest_route=\/wp\/v2\/posts"}],"about":[{"href":"https:\/\/zsme.poznan.pl\/index.php?rest_route=\/wp\/v2\/types\/post"}],"author":[{"embeddable":true,"href":"https:\/\/zsme.poznan.pl\/index.php?rest_route=\/wp\/v2\/users\/1"}],"replies":[{"embeddable":true,"href":"https:\/\/zsme.poznan.pl\/index.php?rest_route=%2Fwp%2Fv2%2Fcomments&post=20776"}],"version-history":[{"count":1,"href":"https:\/\/zsme.poznan.pl\/index.php?rest_route=\/wp\/v2\/posts\/20776\/revisions"}],"predecessor-version":[{"id":20783,"href":"https:\/\/zsme.poznan.pl\/index.php?rest_route=\/wp\/v2\/posts\/20776\/revisions\/20783"}],"wp:attachment":[{"href":"https:\/\/zsme.poznan.pl\/index.php?rest_route=%2Fwp%2Fv2%2Fmedia&parent=20776"}],"wp:term":[{"taxonomy":"category","embeddable":true,"href":"https:\/\/zsme.poznan.pl\/index.php?rest_route=%2Fwp%2Fv2%2Fcategories&post=20776"},{"taxonomy":"post_tag","embeddable":true,"href":"https:\/\/zsme.poznan.pl\/index.php?rest_route=%2Fwp%2Fv2%2Ftags&post=20776"}],"curies":[{"name":"wp","href":"https:\/\/api.w.org\/{rel}","templated":true}]}}