{"id":20784,"date":"2026-03-28T10:35:10","date_gmt":"2026-03-28T10:35:10","guid":{"rendered":"https:\/\/zsme.poznan.pl\/?p=20784"},"modified":"2026-04-14T10:35:45","modified_gmt":"2026-04-14T10:35:45","slug":"wizyta-uczniow-w-wielkopolskiej-szkole-medycznej-podczas-drzwi-otwartych","status":"publish","type":"post","link":"https:\/\/zsme.poznan.pl\/?p=20784","title":{"rendered":"Wizyta uczni\u00f3w w Wielkopolskiej Szkole Medycznej podczas Drzwi Otwartych"},"content":{"rendered":"\n<p>25 marca uczniowie klas 301 i 303 wraz z wychowawcami \u2013 pani\u0105 profesor Iwon\u0105 Wojteck\u0105 oraz panem profesorem Leonardem Kaliszanem \u2013 odwiedzili Wielkopolsk\u0105 Szko\u0142\u0119 Medyczn\u0105. Okazj\u0105 do wizyty by\u0142y Drzwi Otwarte tej plac\u00f3wki.<\/p>\n\n\n\n<p>Spotkanie rozpocz\u0119\u0142o si\u0119 od kr\u00f3tkiego wyk\u0142adu student\u00f3w, po\u015bwi\u0119conego fizjoterapii, podczas kt\u00f3rego uczniowie mogli zapozna\u0107 si\u0119 z podstawami tego kierunku oraz jego znaczeniem w medycynie.&nbsp;<\/p>\n\n\n\n<p>Nast\u0119pnie uczestnicy udali si\u0119 do specjalistycznych sal i pracowni, takich jak pracownia chemii kosmetycznej, kosmetologii oraz higienistki stomatologicznej.<\/p>\n\n\n\n<p>Uwag\u0119 uczni\u00f3w zwr\u00f3ci\u0142o nowoczesne wyposa\u017cenie pracowni, kt\u00f3re umo\u017cliwia zdobywanie praktycznych umiej\u0119tno\u015bci w warunkach zbli\u017conych do rzeczywistej pracy zawodowej. Podczas ca\u0142ej wizyty m\u0142odzie\u017cy towarzyszy\u0142a przyjazna kadra wyk\u0142adowczy\u0144 oraz studenci, kt\u00f3rzy ch\u0119tnie dzielili si\u0119 swoj\u0105 wiedz\u0105 i do\u015bwiadczeniem.<\/p>\n\n\n\n<p>Wyj\u015bcie by\u0142o cenn\u0105 okazj\u0105 do poznania oferty edukacyjnej szko\u0142y oraz specyfiki zawod\u00f3w medycznych.&nbsp;<\/p>\n\n\n\n<p>Pragniemy podzi\u0119kowa\u0107 za zaproszenie, niezwykle ciep\u0142e przyj\u0119cie oraz \u017cyczliw\u0105 atmosfer\u0119, kt\u00f3ra towarzyszy\u0142a nam przez ca\u0142y pobyt, a dzi\u0119ki kt\u00f3rej nasi uczniowie mogli poczu\u0107 wyjatkowy klimat tej szko\u0142y.<\/p>\n\n\n\n<figure class=\"wp-block-gallery has-nested-images columns-default is-cropped wp-block-gallery-1 is-layout-flex wp-block-gallery-is-layout-flex\">\n<figure class=\"wp-block-image size-large\"><a href=\"https:\/\/zsme.poznan.pl\/wp-content\/uploads\/2026\/04\/uczniowie-w-WSM-1.jpg\" data-rel=\"lightbox-image-0\" data-rl_title=\"\" data-rl_caption=\"\" title=\"\"><img fetchpriority=\"high\" decoding=\"async\" width=\"1024\" height=\"768\" data-id=\"20786\" src=\"https:\/\/zsme.poznan.pl\/wp-content\/uploads\/2026\/04\/uczniowie-w-WSM-1.jpg\" alt=\"uczniowie w WSM (1)\" class=\"wp-image-20786\" srcset=\"https:\/\/zsme.poznan.pl\/wp-content\/uploads\/2026\/04\/uczniowie-w-WSM-1.jpg 1024w, https:\/\/zsme.poznan.pl\/wp-content\/uploads\/2026\/04\/uczniowie-w-WSM-1-300x225.jpg 300w, https:\/\/zsme.poznan.pl\/wp-content\/uploads\/2026\/04\/uczniowie-w-WSM-1-768x576.jpg 768w\" sizes=\"(max-width: 1024px) 100vw, 1024px\" \/><\/a><\/figure>\n\n\n\n<figure class=\"wp-block-image size-large\"><a href=\"https:\/\/zsme.poznan.pl\/wp-content\/uploads\/2026\/04\/uczniowie-w-WSM-2.jpg\" data-rel=\"lightbox-image-1\" data-rl_title=\"\" data-rl_caption=\"\" title=\"\"><img decoding=\"async\" width=\"768\" height=\"1024\" data-id=\"20785\" src=\"https:\/\/zsme.poznan.pl\/wp-content\/uploads\/2026\/04\/uczniowie-w-WSM-2.jpg\" alt=\"uczniowie w WSM (2)\" class=\"wp-image-20785\" srcset=\"https:\/\/zsme.poznan.pl\/wp-content\/uploads\/2026\/04\/uczniowie-w-WSM-2.jpg 768w, https:\/\/zsme.poznan.pl\/wp-content\/uploads\/2026\/04\/uczniowie-w-WSM-2-225x300.jpg 225w\" sizes=\"(max-width: 768px) 100vw, 768px\" \/><\/a><\/figure>\n\n\n\n<figure class=\"wp-block-image size-large\"><a href=\"https:\/\/zsme.poznan.pl\/wp-content\/uploads\/2026\/04\/uczniowie-w-WSM-3.jpg\" data-rel=\"lightbox-image-2\" data-rl_title=\"\" data-rl_caption=\"\" title=\"\"><img decoding=\"async\" width=\"768\" height=\"1024\" data-id=\"20788\" src=\"https:\/\/zsme.poznan.pl\/wp-content\/uploads\/2026\/04\/uczniowie-w-WSM-3.jpg\" alt=\"uczniowie w WSM (3)\" class=\"wp-image-20788\" srcset=\"https:\/\/zsme.poznan.pl\/wp-content\/uploads\/2026\/04\/uczniowie-w-WSM-3.jpg 768w, https:\/\/zsme.poznan.pl\/wp-content\/uploads\/2026\/04\/uczniowie-w-WSM-3-225x300.jpg 225w\" sizes=\"(max-width: 768px) 100vw, 768px\" \/><\/a><\/figure>\n\n\n\n<figure class=\"wp-block-image size-large\"><a href=\"https:\/\/zsme.poznan.pl\/wp-content\/uploads\/2026\/04\/uczniowie-w-WSM-4.jpg\" data-rel=\"lightbox-image-3\" data-rl_title=\"\" data-rl_caption=\"\" title=\"\"><img loading=\"lazy\" decoding=\"async\" width=\"768\" height=\"1024\" data-id=\"20789\" src=\"https:\/\/zsme.poznan.pl\/wp-content\/uploads\/2026\/04\/uczniowie-w-WSM-4.jpg\" alt=\"uczniowie w WSM (4)\" class=\"wp-image-20789\" srcset=\"https:\/\/zsme.poznan.pl\/wp-content\/uploads\/2026\/04\/uczniowie-w-WSM-4.jpg 768w, https:\/\/zsme.poznan.pl\/wp-content\/uploads\/2026\/04\/uczniowie-w-WSM-4-225x300.jpg 225w\" sizes=\"(max-width: 768px) 100vw, 768px\" \/><\/a><\/figure>\n\n\n\n<figure class=\"wp-block-image size-large\"><a href=\"https:\/\/zsme.poznan.pl\/wp-content\/uploads\/2026\/04\/uczniowie-w-WSM-5.jpg\" data-rel=\"lightbox-image-4\" data-rl_title=\"\" data-rl_caption=\"\" title=\"\"><img loading=\"lazy\" decoding=\"async\" width=\"768\" height=\"1024\" data-id=\"20787\" src=\"https:\/\/zsme.poznan.pl\/wp-content\/uploads\/2026\/04\/uczniowie-w-WSM-5.jpg\" alt=\"uczniowie w WSM (5)\" class=\"wp-image-20787\" srcset=\"https:\/\/zsme.poznan.pl\/wp-content\/uploads\/2026\/04\/uczniowie-w-WSM-5.jpg 768w, https:\/\/zsme.poznan.pl\/wp-content\/uploads\/2026\/04\/uczniowie-w-WSM-5-225x300.jpg 225w\" sizes=\"(max-width: 768px) 100vw, 768px\" \/><\/a><\/figure>\n<\/figure>\n","protected":false},"excerpt":{"rendered":"<p>25 marca uczniowie klas 301 i 303 wraz z wychowawcami \u2013 pani\u0105 profesor Iwon\u0105 Wojteck\u0105 oraz panem profesorem Leonardem Kaliszanem \u2013 odwiedzili Wielkopolsk\u0105 Szko\u0142\u0119 Medyczn\u0105. Okazj\u0105 do wizyty by\u0142y Drzwi Otwarte tej plac\u00f3wki. Spotkanie rozpocz\u0119\u0142o si\u0119 od kr\u00f3tkiego wyk\u0142adu student\u00f3w, po\u015bwi\u0119conego fizjoterapii, podczas kt\u00f3rego uczniowie mogli zapozna\u0107 si\u0119 z podstawami tego kierunku oraz jego znaczeniem [&hellip;]<\/p>\n","protected":false},"author":1,"featured_media":0,"comment_status":"open","ping_status":"open","sticky":false,"template":"","format":"standard","meta":{"footnotes":""},"categories":[38],"tags":[],"class_list":["post-20784","post","type-post","status-publish","format-standard","hentry","category-aktualnosci"],"_links":{"self":[{"href":"https:\/\/zsme.poznan.pl\/index.php?rest_route=\/wp\/v2\/posts\/20784","targetHints":{"allow":["GET"]}}],"collection":[{"href":"https:\/\/zsme.poznan.pl\/index.php?rest_route=\/wp\/v2\/posts"}],"about":[{"href":"https:\/\/zsme.poznan.pl\/index.php?rest_route=\/wp\/v2\/types\/post"}],"author":[{"embeddable":true,"href":"https:\/\/zsme.poznan.pl\/index.php?rest_route=\/wp\/v2\/users\/1"}],"replies":[{"embeddable":true,"href":"https:\/\/zsme.poznan.pl\/index.php?rest_route=%2Fwp%2Fv2%2Fcomments&post=20784"}],"version-history":[{"count":1,"href":"https:\/\/zsme.poznan.pl\/index.php?rest_route=\/wp\/v2\/posts\/20784\/revisions"}],"predecessor-version":[{"id":20790,"href":"https:\/\/zsme.poznan.pl\/index.php?rest_route=\/wp\/v2\/posts\/20784\/revisions\/20790"}],"wp:attachment":[{"href":"https:\/\/zsme.poznan.pl\/index.php?rest_route=%2Fwp%2Fv2%2Fmedia&parent=20784"}],"wp:term":[{"taxonomy":"category","embeddable":true,"href":"https:\/\/zsme.poznan.pl\/index.php?rest_route=%2Fwp%2Fv2%2Fcategories&post=20784"},{"taxonomy":"post_tag","embeddable":true,"href":"https:\/\/zsme.poznan.pl\/index.php?rest_route=%2Fwp%2Fv2%2Ftags&post=20784"}],"curies":[{"name":"wp","href":"https:\/\/api.w.org\/{rel}","templated":true}]}}