{"id":20824,"date":"2026-04-17T07:58:07","date_gmt":"2026-04-17T07:58:07","guid":{"rendered":"https:\/\/zsme.poznan.pl\/?p=20824"},"modified":"2026-04-17T07:58:07","modified_gmt":"2026-04-17T07:58:07","slug":"wiosenne-porzadki-sprzatamy-nasze-fyrtle","status":"publish","type":"post","link":"https:\/\/zsme.poznan.pl\/?p=20824","title":{"rendered":"Wiosenne porz\u0105dki \u2013 sprz\u0105tamy nasze fyrtle!"},"content":{"rendered":"\n<p>Wiosna wjecha\u0142a na pe\u0142nych obrotach, a razem z ni\u0105 ekipy z klas Mechanika Precyzyjnego i Technika Mechanika ruszy\u0142y w teren! Zamiast suwmiarki i kluczy, w d\u0142o\u0144 wpad\u0142y worki i grabie.<\/p>\n\n\n\n<p>Postanowili\u015bmy zadba\u0107 o nasze szkolne podw\u00f3rko i okoliczne fyrtle. Jako spece od precyzyjnej roboty, nie odpu\u015bcili\u015bmy \u017cadnemu papierkowi \u2013 teren zosta\u0142 \u201ewykalibrowany\u201d do czysta!<\/p>\n\n\n\n<p>Dzi\u0119ki wsp\u00f3lnej akcji nasze otoczenie wygl\u0105da teraz tak, jak powinna wygl\u0105da\u0107 dobrze utrzymana maszyna: czysto, sprawnie i bez zb\u0119dnych element\u00f3w.<\/p>\n\n\n\n<p>Dzi\u0119ki wszystkim za zaanga\u017cowanie i kawa\u0142 dobrej roboty! Pami\u0119tajcie \u2013 o w\u0142asny fyrtel dbamy nie tylko od \u015bwi\u0119ta.<\/p>\n\n\n\n<figure class=\"wp-block-gallery has-nested-images columns-default is-cropped wp-block-gallery-1 is-layout-flex wp-block-gallery-is-layout-flex\">\n<figure class=\"wp-block-image size-large\"><a href=\"https:\/\/zsme.poznan.pl\/wp-content\/uploads\/2026\/04\/Wiosenne-porzadki-3.jpg\" data-rel=\"lightbox-image-0\" data-rl_title=\"\" data-rl_caption=\"\" title=\"\"><img fetchpriority=\"high\" decoding=\"async\" width=\"1024\" height=\"576\" data-id=\"20826\" src=\"https:\/\/zsme.poznan.pl\/wp-content\/uploads\/2026\/04\/Wiosenne-porzadki-3.jpg\" alt=\"Wiosenne porz\u0105dki (3)\" class=\"wp-image-20826\" srcset=\"https:\/\/zsme.poznan.pl\/wp-content\/uploads\/2026\/04\/Wiosenne-porzadki-3.jpg 1024w, https:\/\/zsme.poznan.pl\/wp-content\/uploads\/2026\/04\/Wiosenne-porzadki-3-300x169.jpg 300w, https:\/\/zsme.poznan.pl\/wp-content\/uploads\/2026\/04\/Wiosenne-porzadki-3-768x432.jpg 768w\" sizes=\"(max-width: 1024px) 100vw, 1024px\" \/><\/a><\/figure>\n\n\n\n<figure class=\"wp-block-image size-large\"><a href=\"https:\/\/zsme.poznan.pl\/wp-content\/uploads\/2026\/04\/Wiosenne-porzadki-4.jpg\" data-rel=\"lightbox-image-1\" data-rl_title=\"\" data-rl_caption=\"\" title=\"\"><img decoding=\"async\" width=\"1024\" height=\"576\" data-id=\"20825\" src=\"https:\/\/zsme.poznan.pl\/wp-content\/uploads\/2026\/04\/Wiosenne-porzadki-4.jpg\" alt=\"Wiosenne porz\u0105dki (4)\" class=\"wp-image-20825\" srcset=\"https:\/\/zsme.poznan.pl\/wp-content\/uploads\/2026\/04\/Wiosenne-porzadki-4.jpg 1024w, https:\/\/zsme.poznan.pl\/wp-content\/uploads\/2026\/04\/Wiosenne-porzadki-4-300x169.jpg 300w, https:\/\/zsme.poznan.pl\/wp-content\/uploads\/2026\/04\/Wiosenne-porzadki-4-768x432.jpg 768w\" sizes=\"(max-width: 1024px) 100vw, 1024px\" \/><\/a><\/figure>\n\n\n\n<figure class=\"wp-block-image size-large\"><a href=\"https:\/\/zsme.poznan.pl\/wp-content\/uploads\/2026\/04\/Wiosenne-porzadki-5.jpg\" data-rel=\"lightbox-image-2\" data-rl_title=\"\" data-rl_caption=\"\" title=\"\"><img decoding=\"async\" width=\"1024\" height=\"576\" data-id=\"20827\" src=\"https:\/\/zsme.poznan.pl\/wp-content\/uploads\/2026\/04\/Wiosenne-porzadki-5.jpg\" alt=\"Wiosenne porz\u0105dki (5)\" class=\"wp-image-20827\" srcset=\"https:\/\/zsme.poznan.pl\/wp-content\/uploads\/2026\/04\/Wiosenne-porzadki-5.jpg 1024w, https:\/\/zsme.poznan.pl\/wp-content\/uploads\/2026\/04\/Wiosenne-porzadki-5-300x169.jpg 300w, https:\/\/zsme.poznan.pl\/wp-content\/uploads\/2026\/04\/Wiosenne-porzadki-5-768x432.jpg 768w\" sizes=\"(max-width: 1024px) 100vw, 1024px\" \/><\/a><\/figure>\n\n\n\n<figure class=\"wp-block-image size-large\"><a href=\"https:\/\/zsme.poznan.pl\/wp-content\/uploads\/2026\/04\/Wiosenne-porzadki-6.jpg\" data-rel=\"lightbox-image-3\" data-rl_title=\"\" data-rl_caption=\"\" title=\"\"><img loading=\"lazy\" decoding=\"async\" width=\"1024\" height=\"576\" data-id=\"20829\" src=\"https:\/\/zsme.poznan.pl\/wp-content\/uploads\/2026\/04\/Wiosenne-porzadki-6.jpg\" alt=\"Wiosenne porz\u0105dki (6)\" class=\"wp-image-20829\" srcset=\"https:\/\/zsme.poznan.pl\/wp-content\/uploads\/2026\/04\/Wiosenne-porzadki-6.jpg 1024w, https:\/\/zsme.poznan.pl\/wp-content\/uploads\/2026\/04\/Wiosenne-porzadki-6-300x169.jpg 300w, https:\/\/zsme.poznan.pl\/wp-content\/uploads\/2026\/04\/Wiosenne-porzadki-6-768x432.jpg 768w\" sizes=\"(max-width: 1024px) 100vw, 1024px\" \/><\/a><\/figure>\n\n\n\n<figure class=\"wp-block-image size-large\"><a href=\"https:\/\/zsme.poznan.pl\/wp-content\/uploads\/2026\/04\/Wiosenne-porzadki-1.jpg\" data-rel=\"lightbox-image-4\" data-rl_title=\"\" data-rl_caption=\"\" title=\"\"><img loading=\"lazy\" decoding=\"async\" width=\"1024\" height=\"576\" data-id=\"20828\" src=\"https:\/\/zsme.poznan.pl\/wp-content\/uploads\/2026\/04\/Wiosenne-porzadki-1.jpg\" alt=\"Wiosenne porz\u0105dki (1)\" class=\"wp-image-20828\" srcset=\"https:\/\/zsme.poznan.pl\/wp-content\/uploads\/2026\/04\/Wiosenne-porzadki-1.jpg 1024w, https:\/\/zsme.poznan.pl\/wp-content\/uploads\/2026\/04\/Wiosenne-porzadki-1-300x169.jpg 300w, https:\/\/zsme.poznan.pl\/wp-content\/uploads\/2026\/04\/Wiosenne-porzadki-1-768x432.jpg 768w\" sizes=\"(max-width: 1024px) 100vw, 1024px\" \/><\/a><\/figure>\n\n\n\n<figure class=\"wp-block-image size-large\"><a href=\"https:\/\/zsme.poznan.pl\/wp-content\/uploads\/2026\/04\/Wiosenne-porzadki-2.jpg\" data-rel=\"lightbox-image-5\" data-rl_title=\"\" data-rl_caption=\"\" title=\"\"><img loading=\"lazy\" decoding=\"async\" width=\"1024\" height=\"576\" data-id=\"20830\" src=\"https:\/\/zsme.poznan.pl\/wp-content\/uploads\/2026\/04\/Wiosenne-porzadki-2.jpg\" alt=\"Wiosenne porz\u0105dki (2)\" class=\"wp-image-20830\" srcset=\"https:\/\/zsme.poznan.pl\/wp-content\/uploads\/2026\/04\/Wiosenne-porzadki-2.jpg 1024w, https:\/\/zsme.poznan.pl\/wp-content\/uploads\/2026\/04\/Wiosenne-porzadki-2-300x169.jpg 300w, https:\/\/zsme.poznan.pl\/wp-content\/uploads\/2026\/04\/Wiosenne-porzadki-2-768x432.jpg 768w\" sizes=\"(max-width: 1024px) 100vw, 1024px\" \/><\/a><\/figure>\n<\/figure>\n","protected":false},"excerpt":{"rendered":"<p>Wiosna wjecha\u0142a na pe\u0142nych obrotach, a razem z ni\u0105 ekipy z klas Mechanika Precyzyjnego i Technika Mechanika ruszy\u0142y w teren! Zamiast suwmiarki i kluczy, w d\u0142o\u0144 wpad\u0142y worki i grabie. Postanowili\u015bmy zadba\u0107 o nasze szkolne podw\u00f3rko i okoliczne fyrtle. Jako spece od precyzyjnej roboty, nie odpu\u015bcili\u015bmy \u017cadnemu papierkowi \u2013 teren zosta\u0142 \u201ewykalibrowany\u201d do czysta! Dzi\u0119ki [&hellip;]<\/p>\n","protected":false},"author":1,"featured_media":0,"comment_status":"open","ping_status":"open","sticky":false,"template":"","format":"standard","meta":{"footnotes":""},"categories":[38],"tags":[],"class_list":["post-20824","post","type-post","status-publish","format-standard","hentry","category-aktualnosci"],"_links":{"self":[{"href":"https:\/\/zsme.poznan.pl\/index.php?rest_route=\/wp\/v2\/posts\/20824","targetHints":{"allow":["GET"]}}],"collection":[{"href":"https:\/\/zsme.poznan.pl\/index.php?rest_route=\/wp\/v2\/posts"}],"about":[{"href":"https:\/\/zsme.poznan.pl\/index.php?rest_route=\/wp\/v2\/types\/post"}],"author":[{"embeddable":true,"href":"https:\/\/zsme.poznan.pl\/index.php?rest_route=\/wp\/v2\/users\/1"}],"replies":[{"embeddable":true,"href":"https:\/\/zsme.poznan.pl\/index.php?rest_route=%2Fwp%2Fv2%2Fcomments&post=20824"}],"version-history":[{"count":1,"href":"https:\/\/zsme.poznan.pl\/index.php?rest_route=\/wp\/v2\/posts\/20824\/revisions"}],"predecessor-version":[{"id":20831,"href":"https:\/\/zsme.poznan.pl\/index.php?rest_route=\/wp\/v2\/posts\/20824\/revisions\/20831"}],"wp:attachment":[{"href":"https:\/\/zsme.poznan.pl\/index.php?rest_route=%2Fwp%2Fv2%2Fmedia&parent=20824"}],"wp:term":[{"taxonomy":"category","embeddable":true,"href":"https:\/\/zsme.poznan.pl\/index.php?rest_route=%2Fwp%2Fv2%2Fcategories&post=20824"},{"taxonomy":"post_tag","embeddable":true,"href":"https:\/\/zsme.poznan.pl\/index.php?rest_route=%2Fwp%2Fv2%2Ftags&post=20824"}],"curies":[{"name":"wp","href":"https:\/\/api.w.org\/{rel}","templated":true}]}}