{"id":20885,"date":"2026-04-22T11:46:24","date_gmt":"2026-04-22T11:46:24","guid":{"rendered":"https:\/\/zsme.poznan.pl\/?p=20885"},"modified":"2026-04-22T11:46:24","modified_gmt":"2026-04-22T11:46:24","slug":"wojewodzkie-obchody-dnia-strazaka","status":"publish","type":"post","link":"https:\/\/zsme.poznan.pl\/?p=20885","title":{"rendered":"Wojew\u00f3dzkie Obchody Dnia Stra\u017caka"},"content":{"rendered":"\n<p>Komenda Wojew\u00f3dzka PSP serdecznie zaprasza do udzia\u0142u w Wojew\u00f3dzkich Obchodach Dnia Stra\u017caka, kt\u00f3re odb\u0119d\u0105 si\u0119 9 maja w Pile.<\/p>\n\n\n\n<p>Do Pi\u0142y z Poznania wyrusza poci\u0105g specjalny STRA\u017bAK. Przejazd jest urozmaicony atrakcjami.<\/p>\n\n\n\n<p>Zapraszamy do rejestracji:&nbsp;<a href=\"https:\/\/www.gov.pl\/web\/kwpsp-poznan\/kolejnastraz---specjalny-pociag-do-leszna-na-wojewodzkie-obchody-dnia-strazaka---zapisy\" target=\"_blank\" rel=\"noreferrer noopener\">https:\/\/www.gov.pl\/web\/kwpsp-poznan\/kolejnastraz&#8212;specjalny-pociag-do-leszna-na-wojewodzkie-obchody-dnia-strazaka&#8212;zapisy<\/a><\/p>\n\n\n\n<div data-wp-interactive=\"core\/file\" class=\"wp-block-file\"><object data-wp-bind--hidden=\"!state.hasPdfPreview\" hidden class=\"wp-block-file__embed\" data=\"https:\/\/zsme.poznan.pl\/wp-content\/uploads\/2026\/04\/Plakat_dzien_strazaka.pdf\" type=\"application\/pdf\" style=\"width:100%;height:600px\" aria-label=\"Osadzone z Plakat_dzie\u0144_stra\u017caka.\"><\/object><a id=\"wp-block-file--media-dada8dba-0be2-4315-acd9-98f86987ac3f\" href=\"https:\/\/zsme.poznan.pl\/wp-content\/uploads\/2026\/04\/Plakat_dzien_strazaka.pdf\">Plakat_dzie\u0144_stra\u017caka<\/a><a href=\"https:\/\/zsme.poznan.pl\/wp-content\/uploads\/2026\/04\/Plakat_dzien_strazaka.pdf\" class=\"wp-block-file__button wp-element-button\" download aria-describedby=\"wp-block-file--media-dada8dba-0be2-4315-acd9-98f86987ac3f\">Pobierz<\/a><\/div>\n","protected":false},"excerpt":{"rendered":"<p>Komenda Wojew\u00f3dzka PSP serdecznie zaprasza do udzia\u0142u w Wojew\u00f3dzkich Obchodach Dnia Stra\u017caka, kt\u00f3re odb\u0119d\u0105 si\u0119 9 maja w Pile. Do Pi\u0142y z Poznania wyrusza poci\u0105g specjalny STRA\u017bAK. Przejazd jest urozmaicony atrakcjami. Zapraszamy do rejestracji:&nbsp;https:\/\/www.gov.pl\/web\/kwpsp-poznan\/kolejnastraz&#8212;specjalny-pociag-do-leszna-na-wojewodzkie-obchody-dnia-strazaka&#8212;zapisy<\/p>\n","protected":false},"author":1,"featured_media":0,"comment_status":"open","ping_status":"open","sticky":false,"template":"","format":"standard","meta":{"footnotes":""},"categories":[38,72],"tags":[],"class_list":["post-20885","post","type-post","status-publish","format-standard","hentry","category-aktualnosci","category-osp"],"_links":{"self":[{"href":"https:\/\/zsme.poznan.pl\/index.php?rest_route=\/wp\/v2\/posts\/20885","targetHints":{"allow":["GET"]}}],"collection":[{"href":"https:\/\/zsme.poznan.pl\/index.php?rest_route=\/wp\/v2\/posts"}],"about":[{"href":"https:\/\/zsme.poznan.pl\/index.php?rest_route=\/wp\/v2\/types\/post"}],"author":[{"embeddable":true,"href":"https:\/\/zsme.poznan.pl\/index.php?rest_route=\/wp\/v2\/users\/1"}],"replies":[{"embeddable":true,"href":"https:\/\/zsme.poznan.pl\/index.php?rest_route=%2Fwp%2Fv2%2Fcomments&post=20885"}],"version-history":[{"count":1,"href":"https:\/\/zsme.poznan.pl\/index.php?rest_route=\/wp\/v2\/posts\/20885\/revisions"}],"predecessor-version":[{"id":20887,"href":"https:\/\/zsme.poznan.pl\/index.php?rest_route=\/wp\/v2\/posts\/20885\/revisions\/20887"}],"wp:attachment":[{"href":"https:\/\/zsme.poznan.pl\/index.php?rest_route=%2Fwp%2Fv2%2Fmedia&parent=20885"}],"wp:term":[{"taxonomy":"category","embeddable":true,"href":"https:\/\/zsme.poznan.pl\/index.php?rest_route=%2Fwp%2Fv2%2Fcategories&post=20885"},{"taxonomy":"post_tag","embeddable":true,"href":"https:\/\/zsme.poznan.pl\/index.php?rest_route=%2Fwp%2Fv2%2Ftags&post=20885"}],"curies":[{"name":"wp","href":"https:\/\/api.w.org\/{rel}","templated":true}]}}