{"id":20893,"date":"2026-04-27T10:47:18","date_gmt":"2026-04-27T10:47:18","guid":{"rendered":"https:\/\/zsme.poznan.pl\/?p=20893"},"modified":"2026-04-27T10:47:18","modified_gmt":"2026-04-27T10:47:18","slug":"dia-del-libro-czyli-obchody-dnia-sant-jordi-na-lekcjach-jezyka-hiszpanskiego","status":"publish","type":"post","link":"https:\/\/zsme.poznan.pl\/?p=20893","title":{"rendered":"Dia del Libro czyli obchody dnia Sant Jordi na lekcjach j\u0119zyka hiszpa\u0144skiego"},"content":{"rendered":"\n<p>W ramach innowacji pedagogicznej &#8222;Kreatywne mosty literatury i sztuki- cyfrowa aktywizacja uczni\u00f3w na lekcjach j\u0119zyka hiszpa\u0144skiego i polskiego&#8221; m\u0142odzie\u017c przygotowa\u0142a projekty zak\u0142adek do ksi\u0105\u017cek.&nbsp;<\/p>\n\n\n\n<p>Dzisiejsza data nie by\u0142a przypadkowa poniewa\u017c to dzisiaj obchodzone jest w Hiszpanii \u015bwi\u0119to D\u00eda del Libro oraz katalo\u0144ska tradycja Sant Jordi.&nbsp;<img decoding=\"async\" alt=\"\ud83d\udcda\" src=\"https:\/\/fonts.gstatic.com\/s\/e\/notoemoji\/17.0\/1f4da\/32.png\"><img decoding=\"async\" alt=\"\ud83c\udf39\" src=\"https:\/\/fonts.gstatic.com\/s\/e\/notoemoji\/17.0\/1f339\/32.png\"><img decoding=\"async\" alt=\"\ud83c\udf39\" src=\"https:\/\/fonts.gstatic.com\/s\/e\/notoemoji\/17.0\/1f339\/32.png\"><img decoding=\"async\" alt=\"\ud83d\udcda\" src=\"https:\/\/fonts.gstatic.com\/s\/e\/notoemoji\/17.0\/1f4da\/32.png\"><\/p>\n\n\n\n<p>Ka\u017cda zak\u0142adka zosta\u0142a zaprojektowana jako ma\u0142a forma graficzna \u0142\u0105cz\u0105ca literatur\u0119, sztuk\u0119 i symbolik\u0119 kulturow\u0105.<\/p>\n\n\n\n<p>Motyw przewodni to rado\u015b\u0107 czytania \u2014 wyra\u017cona poprzez kr\u00f3tkie cytaty w j\u0119zyku hiszpa\u0144skim. Teksty podkre\u015blaj\u0105, \u017ce ksi\u0105\u017cki rozwijaj\u0105 wyobra\u017ani\u0119, pozwalaj\u0105 podr\u00f3\u017cowa\u0107 bez wychodzenia z domu i zostawiaj\u0105 \u015blad w sercu czytelnika. Warstwa graficzna wykorzystuje charakterystyczne elementy dla Katalonii i Barcelony, takie jak Sagrada Fam\u00edlia czy Park G\u00fcell, a tak\u017ce symbole \u015bwi\u0119ta \u2014 czerwon\u0105 r\u00f3\u017c\u0119 i ksi\u0105\u017ck\u0119.<\/p>\n\n\n\n<p><img decoding=\"async\" alt=\"\ud83c\uddea\ud83c\udde6\" src=\"https:\/\/fonts.gstatic.com\/s\/e\/notoemoji\/17.0\/1f1ea_1f1e6\/32.png\"><img decoding=\"async\" alt=\"\ud83d\udcda\" src=\"https:\/\/fonts.gstatic.com\/s\/e\/notoemoji\/17.0\/1f4da\/32.png\">&nbsp;D\u00eda del Libro, obchodzony 23 kwietnia, to \u015bwi\u0119to maj\u0105ce na celu promowanie czytelnictwa, literatury oraz ochrony praw autorskich. Data ta upami\u0119tnia \u015bmier\u0107 wybitnych tw\u00f3rc\u00f3w, takich jak Miguel de Cervantes i William Shakespeare. W Barcelonie dzie\u0144 ten zyskuje szczeg\u00f3lny charakter jako Sant Jordi \u2014 wyj\u0105tkowe po\u0142\u0105czenie \u015bwi\u0119ta ksi\u0105\u017cki i mi\u0142o\u015bci, podczas kt\u00f3rego ludzie obdarowuj\u0105 si\u0119 ksi\u0105\u017ckami i r\u00f3\u017cami, a ulice miasta wype\u0142niaj\u0105 si\u0119 stoiskami literackimi, tworz\u0105c atmosfer\u0119 wielkiego, otwartego festiwalu kultury.<\/p>\n\n\n\n<p>\u00a1FELIZ SANT JORDI!\u00a0<\/p>\n\n\n\n<figure class=\"wp-block-gallery has-nested-images columns-default is-cropped wp-block-gallery-1 is-layout-flex wp-block-gallery-is-layout-flex\">\n<figure class=\"wp-block-image size-large\"><a href=\"https:\/\/zsme.poznan.pl\/wp-content\/uploads\/2026\/04\/prace-z-lekcji-hiszpanskiego-1.jpg\" data-rel=\"lightbox-image-0\" data-rl_title=\"\" data-rl_caption=\"\" title=\"\"><img fetchpriority=\"high\" decoding=\"async\" width=\"683\" height=\"1024\" data-id=\"20896\" src=\"https:\/\/zsme.poznan.pl\/wp-content\/uploads\/2026\/04\/prace-z-lekcji-hiszpanskiego-1.jpg\" alt=\"prace z lekcji hiszpa\u0144skiego (1)\" class=\"wp-image-20896\" srcset=\"https:\/\/zsme.poznan.pl\/wp-content\/uploads\/2026\/04\/prace-z-lekcji-hiszpanskiego-1.jpg 683w, https:\/\/zsme.poznan.pl\/wp-content\/uploads\/2026\/04\/prace-z-lekcji-hiszpanskiego-1-200x300.jpg 200w\" sizes=\"(max-width: 683px) 100vw, 683px\" \/><\/a><\/figure>\n\n\n\n<figure class=\"wp-block-image size-large\"><a href=\"https:\/\/zsme.poznan.pl\/wp-content\/uploads\/2026\/04\/prace-z-lekcji-hiszpanskiego-2.jpg\" data-rel=\"lightbox-image-1\" data-rl_title=\"\" data-rl_caption=\"\" title=\"\"><img decoding=\"async\" width=\"683\" height=\"1024\" data-id=\"20894\" src=\"https:\/\/zsme.poznan.pl\/wp-content\/uploads\/2026\/04\/prace-z-lekcji-hiszpanskiego-2.jpg\" alt=\"prace z lekcji hiszpa\u0144skiego (2)\" class=\"wp-image-20894\" srcset=\"https:\/\/zsme.poznan.pl\/wp-content\/uploads\/2026\/04\/prace-z-lekcji-hiszpanskiego-2.jpg 683w, https:\/\/zsme.poznan.pl\/wp-content\/uploads\/2026\/04\/prace-z-lekcji-hiszpanskiego-2-200x300.jpg 200w\" sizes=\"(max-width: 683px) 100vw, 683px\" \/><\/a><\/figure>\n\n\n\n<figure class=\"wp-block-image size-large\"><a href=\"https:\/\/zsme.poznan.pl\/wp-content\/uploads\/2026\/04\/prace-z-lekcji-hiszpanskiego-3.jpg\" data-rel=\"lightbox-image-2\" data-rl_title=\"\" data-rl_caption=\"\" title=\"\"><img decoding=\"async\" width=\"724\" height=\"1024\" data-id=\"20895\" src=\"https:\/\/zsme.poznan.pl\/wp-content\/uploads\/2026\/04\/prace-z-lekcji-hiszpanskiego-3.jpg\" alt=\"prace z lekcji hiszpa\u0144skiego (3)\" class=\"wp-image-20895\" srcset=\"https:\/\/zsme.poznan.pl\/wp-content\/uploads\/2026\/04\/prace-z-lekcji-hiszpanskiego-3.jpg 724w, https:\/\/zsme.poznan.pl\/wp-content\/uploads\/2026\/04\/prace-z-lekcji-hiszpanskiego-3-212x300.jpg 212w\" sizes=\"(max-width: 724px) 100vw, 724px\" \/><\/a><\/figure>\n\n\n\n<figure class=\"wp-block-image size-large\"><a href=\"https:\/\/zsme.poznan.pl\/wp-content\/uploads\/2026\/04\/prace-z-lekcji-hiszpanskiego-4.jpg\" data-rel=\"lightbox-image-3\" data-rl_title=\"\" data-rl_caption=\"\" title=\"\"><img loading=\"lazy\" decoding=\"async\" width=\"405\" height=\"602\" data-id=\"20897\" src=\"https:\/\/zsme.poznan.pl\/wp-content\/uploads\/2026\/04\/prace-z-lekcji-hiszpanskiego-4.jpg\" alt=\"prace z lekcji hiszpa\u0144skiego (4)\" class=\"wp-image-20897\" srcset=\"https:\/\/zsme.poznan.pl\/wp-content\/uploads\/2026\/04\/prace-z-lekcji-hiszpanskiego-4.jpg 405w, https:\/\/zsme.poznan.pl\/wp-content\/uploads\/2026\/04\/prace-z-lekcji-hiszpanskiego-4-202x300.jpg 202w\" sizes=\"(max-width: 405px) 100vw, 405px\" \/><\/a><\/figure>\n\n\n\n<figure class=\"wp-block-image size-large\"><a href=\"https:\/\/zsme.poznan.pl\/wp-content\/uploads\/2026\/04\/prace-z-lekcji-hiszpanskiego-5.jpg\" data-rel=\"lightbox-image-4\" data-rl_title=\"\" data-rl_caption=\"\" title=\"\"><img loading=\"lazy\" decoding=\"async\" width=\"732\" height=\"1024\" data-id=\"20898\" src=\"https:\/\/zsme.poznan.pl\/wp-content\/uploads\/2026\/04\/prace-z-lekcji-hiszpanskiego-5.jpg\" alt=\"prace z lekcji hiszpa\u0144skiego (5)\" class=\"wp-image-20898\" srcset=\"https:\/\/zsme.poznan.pl\/wp-content\/uploads\/2026\/04\/prace-z-lekcji-hiszpanskiego-5.jpg 732w, https:\/\/zsme.poznan.pl\/wp-content\/uploads\/2026\/04\/prace-z-lekcji-hiszpanskiego-5-214x300.jpg 214w\" sizes=\"(max-width: 732px) 100vw, 732px\" \/><\/a><\/figure>\n<\/figure>\n","protected":false},"excerpt":{"rendered":"<p>W ramach innowacji pedagogicznej &#8222;Kreatywne mosty literatury i sztuki- cyfrowa aktywizacja uczni\u00f3w na lekcjach j\u0119zyka hiszpa\u0144skiego i polskiego&#8221; m\u0142odzie\u017c przygotowa\u0142a projekty zak\u0142adek do ksi\u0105\u017cek.&nbsp; Dzisiejsza data nie by\u0142a przypadkowa poniewa\u017c to dzisiaj obchodzone jest w Hiszpanii \u015bwi\u0119to D\u00eda del Libro oraz katalo\u0144ska tradycja Sant Jordi.&nbsp; Ka\u017cda zak\u0142adka zosta\u0142a zaprojektowana jako ma\u0142a forma graficzna \u0142\u0105cz\u0105ca literatur\u0119, [&hellip;]<\/p>\n","protected":false},"author":1,"featured_media":0,"comment_status":"open","ping_status":"open","sticky":false,"template":"","format":"standard","meta":{"footnotes":""},"categories":[38],"tags":[],"class_list":["post-20893","post","type-post","status-publish","format-standard","hentry","category-aktualnosci"],"_links":{"self":[{"href":"https:\/\/zsme.poznan.pl\/index.php?rest_route=\/wp\/v2\/posts\/20893","targetHints":{"allow":["GET"]}}],"collection":[{"href":"https:\/\/zsme.poznan.pl\/index.php?rest_route=\/wp\/v2\/posts"}],"about":[{"href":"https:\/\/zsme.poznan.pl\/index.php?rest_route=\/wp\/v2\/types\/post"}],"author":[{"embeddable":true,"href":"https:\/\/zsme.poznan.pl\/index.php?rest_route=\/wp\/v2\/users\/1"}],"replies":[{"embeddable":true,"href":"https:\/\/zsme.poznan.pl\/index.php?rest_route=%2Fwp%2Fv2%2Fcomments&post=20893"}],"version-history":[{"count":1,"href":"https:\/\/zsme.poznan.pl\/index.php?rest_route=\/wp\/v2\/posts\/20893\/revisions"}],"predecessor-version":[{"id":20899,"href":"https:\/\/zsme.poznan.pl\/index.php?rest_route=\/wp\/v2\/posts\/20893\/revisions\/20899"}],"wp:attachment":[{"href":"https:\/\/zsme.poznan.pl\/index.php?rest_route=%2Fwp%2Fv2%2Fmedia&parent=20893"}],"wp:term":[{"taxonomy":"category","embeddable":true,"href":"https:\/\/zsme.poznan.pl\/index.php?rest_route=%2Fwp%2Fv2%2Fcategories&post=20893"},{"taxonomy":"post_tag","embeddable":true,"href":"https:\/\/zsme.poznan.pl\/index.php?rest_route=%2Fwp%2Fv2%2Ftags&post=20893"}],"curies":[{"name":"wp","href":"https:\/\/api.w.org\/{rel}","templated":true}]}}