{"id":20907,"date":"2026-04-27T20:01:43","date_gmt":"2026-04-27T20:01:43","guid":{"rendered":"https:\/\/zsme.poznan.pl\/?p=20907"},"modified":"2026-04-27T20:01:43","modified_gmt":"2026-04-27T20:01:43","slug":"klasy-4t1-i-4t3-na-wycieczce-w-pradze","status":"publish","type":"post","link":"https:\/\/zsme.poznan.pl\/?p=20907","title":{"rendered":"Klasy 4T1 i 4T3 na wycieczce w Pradze"},"content":{"rendered":"\n<p>W dniach 22\u201323 kwietnia 2026 roku uczniowie dw\u00f3ch klas 4T1 i 4T3 z wychowawczyniami: Ma\u0142gorzat\u0105 Sargialis-Wojew\u00f3dzk\u0105 i Dorot\u0105 Sobczak oraz pani\u0105 Ewelin\u0105 Macurek wzi\u0119li udzia\u0142 w wycieczce do Pragi<img decoding=\"async\" alt=\"\ud83d\udd4d\" src=\"https:\/\/fonts.gstatic.com\/s\/e\/notoemoji\/17.0\/1f54d\/32.png\"><img decoding=\"async\" alt=\"\ud83c\udde8\ud83c\uddff\" src=\"https:\/\/fonts.gstatic.com\/s\/e\/notoemoji\/17.0\/1f1e8_1f1ff\/32.png\"><\/p>\n\n\n\n<p>Wyjazd mia\u0142 charakter turystyczno-edukacyjny (ku utrapieniu uczni\u00f3w, kt\u00f3rym niewiele czasu na integracj\u0119 pozosta\u0142o) i by\u0142 doskona\u0142\u0105 okazj\u0105 do poznania jednego z najpi\u0119kniejszych miast Europy<img decoding=\"async\" alt=\"\ud83d\udd4d\" src=\"https:\/\/fonts.gstatic.com\/s\/e\/notoemoji\/17.0\/1f54d\/32.png\"><img decoding=\"async\" alt=\"\ud83c\udde8\ud83c\uddff\" src=\"https:\/\/fonts.gstatic.com\/s\/e\/notoemoji\/17.0\/1f1e8_1f1ff\/32.png\"><\/p>\n\n\n\n<p>Podczas pobytu zwiedzili\u015bmy najwa\u017cniejsze atrakcje stolicy Czech. Spacer rozpocz\u0105\u0142 si\u0119 od Hradczan, gdzie podziwiali\u015bmy imponuj\u0105cy kompleks zamkowy oraz katedr\u0119 \u015bw. Wita. Nast\u0119pnie udali\u015bmy si\u0119 na s\u0142ynny Most Karola z jego imponuj\u0105cymi 30 rze\u017abami, sk\u0105d rozci\u0105ga\u0142 si\u0119 malowniczy widok na We\u0142taw\u0119 i panoram\u0119 miasta<img decoding=\"async\" alt=\"\ud83d\udd4d\" src=\"https:\/\/fonts.gstatic.com\/s\/e\/notoemoji\/17.0\/1f54d\/32.png\"><img decoding=\"async\" alt=\"\ud83c\udde8\ud83c\uddff\" src=\"https:\/\/fonts.gstatic.com\/s\/e\/notoemoji\/17.0\/1f1e8_1f1ff\/32.png\"><\/p>\n\n\n\n<p>Kolejnym punktem programu by\u0142 Rynek Starego Miasta z charakterystycznym zegarem astronomicznym. Uczniowie mieli okazj\u0119 zobaczy\u0107 jego pokaz oraz poczu\u0107 wyj\u0105tkow\u0105 atmosfer\u0119 historycznego centrum Pragi. Nie zabrak\u0142o r\u00f3wnie\u017c czasu na spacer urokliwymi uliczkami, zakup pami\u0105tek oraz chwil\u0119 odpoczynku i integracji<img decoding=\"async\" alt=\"\ud83d\udd4d\" src=\"https:\/\/fonts.gstatic.com\/s\/e\/notoemoji\/17.0\/1f54d\/32.png\">.<\/p>\n\n\n\n<p>Drugi dzie\u0144 zwiedzania po\u015bwi\u0119cony by\u0142 zar\u00f3wno nowoczesno\u015bci \u2013 zobaczyli\u015bmy rze\u017aby kontrowersyjnego, wsp\u00f3\u0142czesnego artysty Davida Cerny\u2019ego, jak i tradycji \u2013 zwiedzili\u015bmy \u017cydowsk\u0105 dzielnic\u0119 J\u00f3zef\u00f3w<img decoding=\"async\" alt=\"\ud83d\udd4d\" src=\"https:\/\/fonts.gstatic.com\/s\/e\/notoemoji\/17.0\/1f54d\/32.png\"><\/p>\n\n\n\n<p>Wycieczka przebieg\u0142a w bardzo dobrej atmosferze. Uczniowie wr\u00f3cili zadowoleni, bogatsi o nowe do\u015bwiadczenia i wspomnienia, chocia\u017c mocno zm\u0119czeni. Wyjazd by\u0142 nie tylko okazj\u0105 do poznania kultury i historii Czech, ale tak\u017ce do integracji zespo\u0142\u00f3w klasowych.<\/p>\n\n\n\n<figure class=\"wp-block-gallery has-nested-images columns-default is-cropped wp-block-gallery-1 is-layout-flex wp-block-gallery-is-layout-flex\">\n<figure class=\"wp-block-image size-large\"><a href=\"https:\/\/zsme.poznan.pl\/wp-content\/uploads\/2026\/04\/Praga-1.jpeg\" data-rel=\"lightbox-image-0\" data-rl_title=\"\" data-rl_caption=\"\" title=\"\"><img fetchpriority=\"high\" decoding=\"async\" width=\"995\" height=\"768\" data-id=\"20908\" src=\"https:\/\/zsme.poznan.pl\/wp-content\/uploads\/2026\/04\/Praga-1.jpeg\" alt=\"Praga (1)\" class=\"wp-image-20908\" srcset=\"https:\/\/zsme.poznan.pl\/wp-content\/uploads\/2026\/04\/Praga-1.jpeg 995w, https:\/\/zsme.poznan.pl\/wp-content\/uploads\/2026\/04\/Praga-1-300x232.jpeg 300w, https:\/\/zsme.poznan.pl\/wp-content\/uploads\/2026\/04\/Praga-1-768x593.jpeg 768w\" sizes=\"(max-width: 995px) 100vw, 995px\" \/><\/a><\/figure>\n\n\n\n<figure class=\"wp-block-image size-large\"><a href=\"https:\/\/zsme.poznan.pl\/wp-content\/uploads\/2026\/04\/Praga-1.jpg\" data-rel=\"lightbox-image-1\" data-rl_title=\"\" data-rl_caption=\"\" title=\"\"><img decoding=\"async\" width=\"583\" height=\"1024\" data-id=\"20912\" src=\"https:\/\/zsme.poznan.pl\/wp-content\/uploads\/2026\/04\/Praga-1.jpg\" alt=\"Praga (1)\" class=\"wp-image-20912\" srcset=\"https:\/\/zsme.poznan.pl\/wp-content\/uploads\/2026\/04\/Praga-1.jpg 583w, https:\/\/zsme.poznan.pl\/wp-content\/uploads\/2026\/04\/Praga-1-171x300.jpg 171w\" sizes=\"(max-width: 583px) 100vw, 583px\" \/><\/a><\/figure>\n\n\n\n<figure class=\"wp-block-image size-large\"><a href=\"https:\/\/zsme.poznan.pl\/wp-content\/uploads\/2026\/04\/Praga-2.jpeg\" data-rel=\"lightbox-image-2\" data-rl_title=\"\" data-rl_caption=\"\" title=\"\"><img decoding=\"async\" width=\"768\" height=\"1024\" data-id=\"20910\" src=\"https:\/\/zsme.poznan.pl\/wp-content\/uploads\/2026\/04\/Praga-2.jpeg\" alt=\"Praga (2)\" class=\"wp-image-20910\" srcset=\"https:\/\/zsme.poznan.pl\/wp-content\/uploads\/2026\/04\/Praga-2.jpeg 768w, https:\/\/zsme.poznan.pl\/wp-content\/uploads\/2026\/04\/Praga-2-225x300.jpeg 225w\" sizes=\"(max-width: 768px) 100vw, 768px\" \/><\/a><\/figure>\n\n\n\n<figure class=\"wp-block-image size-large\"><a href=\"https:\/\/zsme.poznan.pl\/wp-content\/uploads\/2026\/04\/Praga-2.jpg\" data-rel=\"lightbox-image-3\" data-rl_title=\"\" data-rl_caption=\"\" title=\"\"><img loading=\"lazy\" decoding=\"async\" width=\"583\" height=\"1024\" data-id=\"20914\" src=\"https:\/\/zsme.poznan.pl\/wp-content\/uploads\/2026\/04\/Praga-2.jpg\" alt=\"Praga (2)\" class=\"wp-image-20914\" srcset=\"https:\/\/zsme.poznan.pl\/wp-content\/uploads\/2026\/04\/Praga-2.jpg 583w, https:\/\/zsme.poznan.pl\/wp-content\/uploads\/2026\/04\/Praga-2-171x300.jpg 171w\" sizes=\"(max-width: 583px) 100vw, 583px\" \/><\/a><\/figure>\n\n\n\n<figure class=\"wp-block-image size-large\"><a href=\"https:\/\/zsme.poznan.pl\/wp-content\/uploads\/2026\/04\/Praga-3-rotated.jpeg\" data-rel=\"lightbox-image-4\" data-rl_title=\"\" data-rl_caption=\"\" title=\"\"><img loading=\"lazy\" decoding=\"async\" width=\"768\" height=\"1024\" data-id=\"20915\" src=\"https:\/\/zsme.poznan.pl\/wp-content\/uploads\/2026\/04\/Praga-3-rotated.jpeg\" alt=\"Praga (3)\" class=\"wp-image-20915\" srcset=\"https:\/\/zsme.poznan.pl\/wp-content\/uploads\/2026\/04\/Praga-3-rotated.jpeg 768w, https:\/\/zsme.poznan.pl\/wp-content\/uploads\/2026\/04\/Praga-3-225x300.jpeg 225w\" sizes=\"(max-width: 768px) 100vw, 768px\" \/><\/a><\/figure>\n\n\n\n<figure class=\"wp-block-image size-large\"><a href=\"https:\/\/zsme.poznan.pl\/wp-content\/uploads\/2026\/04\/Praga-3.jpg\" data-rel=\"lightbox-image-5\" data-rl_title=\"\" data-rl_caption=\"\" title=\"\"><img loading=\"lazy\" decoding=\"async\" width=\"571\" height=\"1024\" data-id=\"20909\" src=\"https:\/\/zsme.poznan.pl\/wp-content\/uploads\/2026\/04\/Praga-3.jpg\" alt=\"Praga (3)\" class=\"wp-image-20909\" srcset=\"https:\/\/zsme.poznan.pl\/wp-content\/uploads\/2026\/04\/Praga-3.jpg 571w, https:\/\/zsme.poznan.pl\/wp-content\/uploads\/2026\/04\/Praga-3-167x300.jpg 167w\" sizes=\"(max-width: 571px) 100vw, 571px\" \/><\/a><\/figure>\n\n\n\n<figure class=\"wp-block-image size-large\"><a href=\"https:\/\/zsme.poznan.pl\/wp-content\/uploads\/2026\/04\/Praga-4.jpeg\" data-rel=\"lightbox-image-6\" data-rl_title=\"\" data-rl_caption=\"\" title=\"\"><img loading=\"lazy\" decoding=\"async\" width=\"768\" height=\"1024\" data-id=\"20911\" src=\"https:\/\/zsme.poznan.pl\/wp-content\/uploads\/2026\/04\/Praga-4.jpeg\" alt=\"Praga (4)\" class=\"wp-image-20911\" srcset=\"https:\/\/zsme.poznan.pl\/wp-content\/uploads\/2026\/04\/Praga-4.jpeg 768w, https:\/\/zsme.poznan.pl\/wp-content\/uploads\/2026\/04\/Praga-4-225x300.jpeg 225w\" sizes=\"(max-width: 768px) 100vw, 768px\" \/><\/a><\/figure>\n\n\n\n<figure class=\"wp-block-image size-large\"><a href=\"https:\/\/zsme.poznan.pl\/wp-content\/uploads\/2026\/04\/Praga-4.jpg\" data-rel=\"lightbox-image-7\" data-rl_title=\"\" data-rl_caption=\"\" title=\"\"><img loading=\"lazy\" decoding=\"async\" width=\"1024\" height=\"768\" data-id=\"20916\" src=\"https:\/\/zsme.poznan.pl\/wp-content\/uploads\/2026\/04\/Praga-4.jpg\" alt=\"Praga (4)\" class=\"wp-image-20916\" srcset=\"https:\/\/zsme.poznan.pl\/wp-content\/uploads\/2026\/04\/Praga-4.jpg 1024w, https:\/\/zsme.poznan.pl\/wp-content\/uploads\/2026\/04\/Praga-4-300x225.jpg 300w, https:\/\/zsme.poznan.pl\/wp-content\/uploads\/2026\/04\/Praga-4-768x576.jpg 768w\" sizes=\"(max-width: 1024px) 100vw, 1024px\" \/><\/a><\/figure>\n\n\n\n<figure class=\"wp-block-image size-large\"><a href=\"https:\/\/zsme.poznan.pl\/wp-content\/uploads\/2026\/04\/Praga-5.jpeg\" data-rel=\"lightbox-image-8\" data-rl_title=\"\" data-rl_caption=\"\" title=\"\"><img loading=\"lazy\" decoding=\"async\" width=\"584\" height=\"1024\" data-id=\"20913\" src=\"https:\/\/zsme.poznan.pl\/wp-content\/uploads\/2026\/04\/Praga-5.jpeg\" alt=\"Praga (5)\" class=\"wp-image-20913\" srcset=\"https:\/\/zsme.poznan.pl\/wp-content\/uploads\/2026\/04\/Praga-5.jpeg 584w, https:\/\/zsme.poznan.pl\/wp-content\/uploads\/2026\/04\/Praga-5-171x300.jpeg 171w\" sizes=\"(max-width: 584px) 100vw, 584px\" \/><\/a><figcaption class=\"wp-element-caption\">Screenshot<\/figcaption><\/figure>\n<\/figure>\n","protected":false},"excerpt":{"rendered":"<p>W dniach 22\u201323 kwietnia 2026 roku uczniowie dw\u00f3ch klas 4T1 i 4T3 z wychowawczyniami: Ma\u0142gorzat\u0105 Sargialis-Wojew\u00f3dzk\u0105 i Dorot\u0105 Sobczak oraz pani\u0105 Ewelin\u0105 Macurek wzi\u0119li udzia\u0142 w wycieczce do Pragi Wyjazd mia\u0142 charakter turystyczno-edukacyjny (ku utrapieniu uczni\u00f3w, kt\u00f3rym niewiele czasu na integracj\u0119 pozosta\u0142o) i by\u0142 doskona\u0142\u0105 okazj\u0105 do poznania jednego z najpi\u0119kniejszych miast Europy Podczas pobytu [&hellip;]<\/p>\n","protected":false},"author":1,"featured_media":0,"comment_status":"open","ping_status":"open","sticky":false,"template":"","format":"standard","meta":{"footnotes":""},"categories":[38],"tags":[],"class_list":["post-20907","post","type-post","status-publish","format-standard","hentry","category-aktualnosci"],"_links":{"self":[{"href":"https:\/\/zsme.poznan.pl\/index.php?rest_route=\/wp\/v2\/posts\/20907","targetHints":{"allow":["GET"]}}],"collection":[{"href":"https:\/\/zsme.poznan.pl\/index.php?rest_route=\/wp\/v2\/posts"}],"about":[{"href":"https:\/\/zsme.poznan.pl\/index.php?rest_route=\/wp\/v2\/types\/post"}],"author":[{"embeddable":true,"href":"https:\/\/zsme.poznan.pl\/index.php?rest_route=\/wp\/v2\/users\/1"}],"replies":[{"embeddable":true,"href":"https:\/\/zsme.poznan.pl\/index.php?rest_route=%2Fwp%2Fv2%2Fcomments&post=20907"}],"version-history":[{"count":1,"href":"https:\/\/zsme.poznan.pl\/index.php?rest_route=\/wp\/v2\/posts\/20907\/revisions"}],"predecessor-version":[{"id":20917,"href":"https:\/\/zsme.poznan.pl\/index.php?rest_route=\/wp\/v2\/posts\/20907\/revisions\/20917"}],"wp:attachment":[{"href":"https:\/\/zsme.poznan.pl\/index.php?rest_route=%2Fwp%2Fv2%2Fmedia&parent=20907"}],"wp:term":[{"taxonomy":"category","embeddable":true,"href":"https:\/\/zsme.poznan.pl\/index.php?rest_route=%2Fwp%2Fv2%2Fcategories&post=20907"},{"taxonomy":"post_tag","embeddable":true,"href":"https:\/\/zsme.poznan.pl\/index.php?rest_route=%2Fwp%2Fv2%2Ftags&post=20907"}],"curies":[{"name":"wp","href":"https:\/\/api.w.org\/{rel}","templated":true}]}}