{"id":6285,"date":"2020-01-03T15:28:18","date_gmt":"2020-01-03T15:28:18","guid":{"rendered":"https:\/\/zsme.poznan.pl\/?p=6285"},"modified":"2020-12-07T09:26:00","modified_gmt":"2020-12-07T09:26:00","slug":"projekt-erasmus-we-francji","status":"publish","type":"post","link":"https:\/\/zsme.poznan.pl\/?p=6285","title":{"rendered":"Projekt Erasmus+ we Francji"},"content":{"rendered":"<p style=\"text-align: justify;\"><a href=\"https:\/\/zsme.poznan.pl\/wp-content\/uploads\/2020\/01\/aifla.jpg\" data-rel=\"lightbox-image-0\" data-rl_title=\"\" data-rl_caption=\"\" title=\"\"><img decoding=\"async\" class=\"alignleft size-thumbnail wp-image-6310\" src=\"https:\/\/zsme.poznan.pl\/wp-content\/uploads\/2020\/01\/aifla-150x150.jpg\" alt=\"\" width=\"150\" height=\"150\" srcset=\"https:\/\/zsme.poznan.pl\/wp-content\/uploads\/2020\/01\/aifla-150x150.jpg 150w, https:\/\/zsme.poznan.pl\/wp-content\/uploads\/2020\/01\/aifla-270x270.jpg 270w\" sizes=\"(max-width: 150px) 100vw, 150px\" \/><\/a>W dniach 10.12-16.12 uczniowie klas optycznych uczestniczyli w wymianie mi\u0119dzynarodowej Projektu Erasmus+\u00a0 w mie\u015bcie Cholet we Francji. Goszcz\u0105ca nas szko\u0142a La Providence\u00a0 przygotowa\u0142a wspania\u0142\u0105 tematyczn\u0105 podr\u00f3\u017c po Francji. Mieli\u015bmy okazj\u0119 zwiedza\u0107 Pary\u017c, zamki nad Loar\u0105 i r\u00f3\u017cne francuskie miasteczka.Najwa\u017cniejszym punktem programu by\u0142o jednak zwiedzanie fabryki optycznej ATOL, trzeciego pod wzgl\u0119dem wielko\u015bci producenta okular\u00f3w we Francji. <!--more-->W szkolnych pracowniach optycznych mieli\u015bmy szans\u0119 wykona\u0107 soczewki. Goszcz\u0105ce nas rodziny wykaza\u0142y si\u0119 du\u017ca serdeczno\u015bci\u0105 i \u017cyczliwo\u015bci\u0105. Z pewno\u015bci\u0105 by\u0142a to bardzo udana wymiana. Teraz czekamy na grup\u0119 francusk\u0105.<\/p>\n<p style=\"text-align: center;\"><a href=\"https:\/\/zsme.poznan.pl\/wp-content\/uploads\/2020\/01\/afran1.jpg\" data-rel=\"lightbox-image-1\" data-rl_title=\"\" data-rl_caption=\"\" title=\"\"><img fetchpriority=\"high\" decoding=\"async\" class=\"aligncenter wp-image-6309 size-large\" src=\"https:\/\/zsme.poznan.pl\/wp-content\/uploads\/2020\/01\/afran1-1024x768.jpg\" alt=\"\" width=\"940\" height=\"705\" srcset=\"https:\/\/zsme.poznan.pl\/wp-content\/uploads\/2020\/01\/afran1.jpg 1024w, https:\/\/zsme.poznan.pl\/wp-content\/uploads\/2020\/01\/afran1-300x225.jpg 300w, https:\/\/zsme.poznan.pl\/wp-content\/uploads\/2020\/01\/afran1-768x576.jpg 768w, https:\/\/zsme.poznan.pl\/wp-content\/uploads\/2020\/01\/afran1-800x600.jpg 800w\" sizes=\"(max-width: 940px) 100vw, 940px\" \/><\/a><a href=\"https:\/\/zsme.poznan.pl\/wp-content\/uploads\/2020\/01\/arean2.jpg\" data-rel=\"lightbox-image-2\" data-rl_title=\"\" data-rl_caption=\"\" title=\"\"><img decoding=\"async\" class=\"aligncenter wp-image-6311 size-large\" src=\"https:\/\/zsme.poznan.pl\/wp-content\/uploads\/2020\/01\/arean2-1024x768.jpg\" alt=\"\" width=\"940\" height=\"705\" srcset=\"https:\/\/zsme.poznan.pl\/wp-content\/uploads\/2020\/01\/arean2.jpg 1024w, https:\/\/zsme.poznan.pl\/wp-content\/uploads\/2020\/01\/arean2-300x225.jpg 300w, https:\/\/zsme.poznan.pl\/wp-content\/uploads\/2020\/01\/arean2-768x576.jpg 768w, https:\/\/zsme.poznan.pl\/wp-content\/uploads\/2020\/01\/arean2-800x600.jpg 800w\" sizes=\"(max-width: 940px) 100vw, 940px\" \/><\/a> <a href=\"https:\/\/zsme.poznan.pl\/wp-content\/uploads\/2020\/01\/atol.jpg\" data-rel=\"lightbox-image-3\" data-rl_title=\"\" data-rl_caption=\"\" title=\"\"><img loading=\"lazy\" decoding=\"async\" class=\"aligncenter wp-image-6312 size-full\" src=\"https:\/\/zsme.poznan.pl\/wp-content\/uploads\/2020\/01\/atol.jpg\" alt=\"\" width=\"480\" height=\"360\" srcset=\"https:\/\/zsme.poznan.pl\/wp-content\/uploads\/2020\/01\/atol.jpg 480w, https:\/\/zsme.poznan.pl\/wp-content\/uploads\/2020\/01\/atol-300x225.jpg 300w\" sizes=\"(max-width: 480px) 100vw, 480px\" \/><\/a><\/p>\n","protected":false},"excerpt":{"rendered":"<p>W dniach 10.12-16.12 uczniowie klas optycznych uczestniczyli w wymianie mi\u0119dzynarodowej Projektu Erasmus+\u00a0 w mie\u015bcie Cholet we Francji. Goszcz\u0105ca nas szko\u0142a La Providence\u00a0 przygotowa\u0142a wspania\u0142\u0105 tematyczn\u0105 podr\u00f3\u017c po Francji. Mieli\u015bmy okazj\u0119 zwiedza\u0107 Pary\u017c, zamki nad Loar\u0105 i r\u00f3\u017cne francuskie miasteczka.Najwa\u017cniejszym punktem programu by\u0142o jednak zwiedzanie fabryki optycznej ATOL, trzeciego pod wzgl\u0119dem wielko\u015bci producenta okular\u00f3w we Francji.<\/p>\n","protected":false},"author":1,"featured_media":0,"comment_status":"open","ping_status":"open","sticky":false,"template":"","format":"standard","meta":{"footnotes":""},"categories":[38,50],"tags":[],"class_list":["post-6285","post","type-post","status-publish","format-standard","hentry","category-aktualnosci","category-erasmuswu"],"_links":{"self":[{"href":"https:\/\/zsme.poznan.pl\/index.php?rest_route=\/wp\/v2\/posts\/6285","targetHints":{"allow":["GET"]}}],"collection":[{"href":"https:\/\/zsme.poznan.pl\/index.php?rest_route=\/wp\/v2\/posts"}],"about":[{"href":"https:\/\/zsme.poznan.pl\/index.php?rest_route=\/wp\/v2\/types\/post"}],"author":[{"embeddable":true,"href":"https:\/\/zsme.poznan.pl\/index.php?rest_route=\/wp\/v2\/users\/1"}],"replies":[{"embeddable":true,"href":"https:\/\/zsme.poznan.pl\/index.php?rest_route=%2Fwp%2Fv2%2Fcomments&post=6285"}],"version-history":[{"count":0,"href":"https:\/\/zsme.poznan.pl\/index.php?rest_route=\/wp\/v2\/posts\/6285\/revisions"}],"wp:attachment":[{"href":"https:\/\/zsme.poznan.pl\/index.php?rest_route=%2Fwp%2Fv2%2Fmedia&parent=6285"}],"wp:term":[{"taxonomy":"category","embeddable":true,"href":"https:\/\/zsme.poznan.pl\/index.php?rest_route=%2Fwp%2Fv2%2Fcategories&post=6285"},{"taxonomy":"post_tag","embeddable":true,"href":"https:\/\/zsme.poznan.pl\/index.php?rest_route=%2Fwp%2Fv2%2Ftags&post=6285"}],"curies":[{"name":"wp","href":"https:\/\/api.w.org\/{rel}","templated":true}]}}