{"id":9786,"date":"2021-12-01T18:42:47","date_gmt":"2021-12-01T18:42:47","guid":{"rendered":"https:\/\/zsme.poznan.pl\/?p=9786"},"modified":"2021-12-04T14:59:20","modified_gmt":"2021-12-04T14:59:20","slug":"z-pamietnika-wymiany-polsko-francuskiej-erasmus","status":"publish","type":"post","link":"https:\/\/zsme.poznan.pl\/?p=9786","title":{"rendered":"Projekt Erasmus+ w Polsce"},"content":{"rendered":"<p style=\"text-align: center;\"><strong>Z PAMI\u0118TNIKA WYMIANY POLSKO &#8211; FRANCUSKIEJ ERASMUS+<\/strong><\/p>\n<p><span style=\"font-weight: 400;\">Dzie\u0144 1 \u00a0 <\/span><span style=\"font-weight: 400;\">19.11.2021<\/span><\/p>\n<p><span style=\"font-weight: 400;\">Naszemu oczekiwaniu na przyjazd uczni\u00f3w z Francji w ramach wymiany Erasmus+ towarzyszy\u0142y r\u00f3\u017cne emocje. Byli\u015bmy podekscytowani, ale jednocze\u015bnie stawiali\u015bmy sobie r\u00f3\u017cne pytania &#8211; czy wszystko si\u0119 uda, czy nasi go\u015bcie b\u0119d\u0105 zadowoleni z pobytu w Polsce, czy nic nie pokrzy\u017cuje naszych plan\u00f3w? Pami\u0119tali\u015bmy przecie\u017c, jak dobrze przyj\u0119li nas nasi koledzy, gdy wyjechali\u015bmy wymian\u0119 do Francji.<!--more--> Na szcz\u0119\u015bcie szybko okaza\u0142o si\u0119, \u017ce nasze obawy by\u0142y niepotrzebne. Nasi francuscy koledzy przyjechali do Poznania zgodnie z planem. Oko\u0142o 16.40 wsp\u00f3lnie zjedli\u015bmy obiad w sto\u0142\u00f3wce w bursie szkolnej. P\u00f3\u017aniej by\u0142 czas na integracj\u0119 \u2013 uczestniczyli\u015bmy\u00a0 \u00a0 \u00a0 w spotkaniu, podczas kt\u00f3rego mogli\u015bmy lepiej si\u0119 pozna\u0107, kiedy m.in. rozwi\u0105zywali\u015bmy quiz optyczny w polsko-francuskich grupach. By\u0142o to ciekawe po\u0142\u0105czenie zabawy z nauk\u0105. I co najwa\u017cniejsze, dotyczy\u0142o programowego punktu naszej wymiany &#8211; optyki.<\/span><\/p>\n<p><span style=\"font-weight: 400;\">Dzie\u0144 2 \u00a0 <\/span><span style=\"font-weight: 400;\">\u00a0<\/span><span style=\"font-weight: 400;\">20.11.2021<\/span><\/p>\n<p><span style=\"font-weight: 400;\">Drugi dzie\u0144 up\u0142yn\u0105\u0142 na zwiedzaniu naszego miasta. Chcieli\u015bmy pokaza\u0107 naszym francuskim kolegom jego najpi\u0119kniejsze \u00a0 \u00a0 \u00a0 \u00a0 \u00a0 \u00a0 \u00a0 \u00a0 \u00a0 \u00a0 \u00a0 \u00a0 i najciekawsze miejsca. Dlatego zaraz po \u015bniadaniu wybrali\u015bmy si\u0119 na wycieczk\u0119 po Poznaniu. Wsp\u00f3lnie zwiedzali\u015bmy Stary Rynek, pi\u0119kne wn\u0119trze Fary i inne zabytki Poznania. Wa\u017cnym punktem naszej wycieczki by\u0142a te\u017c wizyta w Bramie Poznania. Pobyt w tym muzeum pozwoli\u0142 naszym go\u015bciom na zapoznanie si\u0119 z pocz\u0105tkami polskiej pa\u0144stwowo\u015bci.\u00a0 Przedstawienie naszej historii w nowoczesny spos\u00f3b, z wykorzystaniem multimedi\u00f3w i \u015bwiat\u0142a, zrobi\u0142o na naszych francuskich kolegach du\u017ce wra\u017cenie. A dla nas by\u0142a to kolejna okazja\u00a0 na szybk\u0105 powt\u00f3rk\u0119, kt\u00f3ra mo\u017ce si\u0119 nam przyda\u0107 w szkole \ud83d\ude09 Jak wida\u0107 &#8211; program tego dnia by\u0142 bardzo ciekawy. Zm\u0119czeni, ale zadowoleni, wiecz\u00f3r sp\u0119dzili\u015bmy w swoich domach wraz z goszczonymi przez nas go\u015b\u0107mi z Francji.\u00a0<\/span><\/p>\n<p><span style=\"font-weight: 400;\">Dzie\u0144\u00a0 3\u00a0 \u00a0 <\/span><span style=\"font-weight: 400;\">21.11.2021<\/span><\/p>\n<p><span style=\"font-weight: 400;\">Podczas kolejnych dni pobytu w Polsce nasi francuscy koledzy sp\u0119dzali czas z polskimi rodzinami, u kt\u00f3rych mieszkali. By\u0142a to dla nich dobra okazja, \u017ceby zapozna\u0107 si\u0119 z polsk\u0105 kultur\u0105, zwyczajami a tak\u017ce z polsk\u0105 kuchni\u0105, kt\u00f3ra, jak twierdzili, bardzo przypad\u0142a im do gustu. Program tych dni zale\u017ca\u0142 od inwencji naszych uczni\u00f3w. Francuscy uczniowie zabrani zostali m.in na kr\u0119gle, do Parku Iluminacji na pozna\u0144skim So\u0142aczu, a nawet na wycieczk\u0119 do Wroc\u0142awia.<\/span><\/p>\n<p><span style=\"font-weight: 400;\">Dzie\u0144 4\u00a0 \u00a0<\/span><span style=\"font-weight: 400;\">22.11.2021<\/span><\/p>\n<p><span style=\"font-weight: 400;\">Na ten dzie\u0144 wszyscy bardzo czekali\u015bmy, bo czeka\u0142a nas wyprawa do Krakowa. Nikt nie narzeka\u0142, \u017ce trzeba wcze\u015bnie wsta\u0107, cho\u0107 autokar czeka\u0142 na nas przed szko\u0142\u0105 ju\u017c o 6.40. Podr\u00f3\u017c up\u0142yn\u0119\u0142a nam w dobrych humorach. Tych kilka wsp\u00f3lnie sp\u0119dzonych godzin te\u017c pos\u0142u\u017cy\u0142o naszej integracji. Gdy dotarli\u015bmy na miejsce, zakwaterowani zostali\u015bmy w schronisku dla m\u0142odzie\u017cy. Po po\u0142udniu, po kr\u00f3tkim odpoczynku, zacz\u0119li\u015bmy zwiedza\u0107 pi\u0119kny gr\u00f3d krakowski. Udali\u015bmy si\u0119 na spacer po Krakowie wraz z przewodnikiem, kt\u00f3ry w ciekawy spos\u00f3b opowiada\u0142 nam o r\u00f3\u017cnych wartych poznania miejscach tego miasta. Zobaczyli\u015bmy pomnik Smoka Wawelskiego pod Wawelem, zwiedzali\u015bmy sukiennice na Starym Rynku, przeszli\u015bmy ca\u0142y Trakt Kr\u00f3lewski. Zapoznali\u015bmy si\u0119 z r\u00f3\u017cnymi anegdotami o Krakowie i jego mieszka\u0144cach. To by\u0142o bardzo ciekawe do\u015bwiadczenie nie tylko dla Francuz\u00f3w, ale i dla nas, bo nie wszyscy mieli\u015bmy wcze\u015bniej okazj\u0119 zwiedza\u0107 Krak\u00f3w. Dzie\u0144 zako\u0144czyli\u015bmy wsp\u00f3ln\u0105 taneczn\u0105 imprez\u0105.<\/span><\/p>\n<p><span style=\"font-weight: 400;\">Dzie\u0144 5 <\/span><span style=\"font-weight: 400;\">23.11.2021<\/span><\/p>\n<p><span style=\"font-weight: 400;\">Sz\u00f3sty dzie\u0144 te\u017c up\u0142yn\u0105\u0142 nam na zwiedzaniu. Po \u015bniadaniu odwiedzili\u015bmy Wieliczk\u0119. To niezwyk\u0142e miejsce i bezcenny zabytek kultury, wpisany na List\u0119 Dziedzictwa UNESCO. Malownicze\u00a0 podziemne korytarze zrobi\u0142y na nas wszystkich wielkie wra\u017cenie. Mogli\u015bmy podziwia\u0107 <\/span><span style=\"font-weight: 400;\">niezwyk\u0142e, solne krajobrazy, imponuj\u0105ce rozmiarami wyrobiska, ska\u0142y solne r\u00f3\u017cnych rodzaj\u00f3w, s\u0142one jeziora oraz dzie\u0142a sztuki stworzone przez g\u00f3rnik\u00f3w-rze\u017abiarzy. Na pewno zostanie to na d\u0142ugo w naszej pami\u0119ci. Po wizycie w kopalni przyszed\u0142 czas na wypraw\u0119 do <\/span><span style=\"font-weight: 400;\">Huty Szk\u0142a w Krakowie, gdzie zobaczyli\u015bmy etapy produkcji i fascynuj\u0105cy proces powstawania szklanych ozd\u00f3b i naczy\u0144. Zapoznali\u015bmy si\u0119 te\u017c z histori\u0105 sztuki szklarskiej, zwiedzaj\u0105c sta\u0142\u0105 ekspozycj\u0119. To wa\u017cne do\u015bwiadczenie dla nas, przysz\u0142ych optyk\u00f3w, bo mogli\u015bmy zapozna\u0107 si\u0119 z technologi\u0105 wytwarzania szk\u0142a w tradycyjny spos\u00f3b. U\u015bwiadomi\u0142o nam ono, jak wielki post\u0119p nast\u0105pi\u0142 w tej dziedzinie. Huta Szk\u0142a zrobi\u0142a wielkie wra\u017cenie na m\u0142odzie\u017cy francuskiej, kt\u00f3ra po raz pierwszy odwiedzi\u0142a takie miejsce.\u00a0<\/span><\/p>\n<p><span style=\"font-weight: 400;\">Krak\u00f3w to miasto, kt\u00f3re urzek\u0142o nas wszystkich swym urokiem. Po obiedzie, kiedy mieli\u015bmy czas wolny, jeszcze raz udali\u015bmy si\u0119 na Stare Miasto. Ka\u017cdy z nas chcia\u0142 kupi\u0107 sobie jak\u0105\u015b pami\u0105tk\u0119, kt\u00f3ra przypomina\u0107 nam b\u0119dzie pi\u0119kne chwile wsp\u00f3lnie sp\u0119dzone w Krakowie.\u00a0<\/span><\/p>\n<p><span style=\"font-weight: 400;\">Podczas wieczornego spotkania nadszed\u0142 czas na podsumowania i refleksje z wymiany.\u00a0 Okaza\u0142o si\u0119, \u017ce nasi go\u015bcie s\u0105 bardzo zadowoleni z wizyty w Polsce. Na szcz\u0119\u015bcie nic &#8211; nawet pandemia &#8211; nie pokrzy\u017cowa\u0142o naszych plan\u00f3w i mogli\u015bmy zrealizowa\u0107 wszystkie punkty naszego programu przygotowanego dla koleg\u00f3w z Francji. Rozstrzygn\u0119li\u015bmy r\u00f3wnie\u017c nasz konkurs optyczny, w kt\u00f3rym polscy i francuscy uczniowie brali udzia\u0142 podczas ca\u0142ego pobytu w Krakowie, wykonuj\u0105c okre\u015blone zadania.\u00a0<\/span><\/p>\n<p><span style=\"font-weight: 400;\">Dzie\u0144 6<\/span> <span style=\"font-weight: 400;\">24.11.2021<\/span><\/p>\n<p><span style=\"font-weight: 400;\">Niestety &#8211; wszystko, co dobre, szybko si\u0119 ko\u0144czy\u2026 Ani si\u0119 nie obejrzeli\u015bmy, a wymiana m\u0142odzie\u017cy w ramach programu Erasmus+ dobieg\u0142a ko\u0144ca. Wczesnym rankiem pojechali\u015bmy odwie\u017a\u0107 grup\u0119 francusk\u0105 na lotnisko w Krakowie. Z \u017calem po\u017cegnali\u015bmy naszych francuskich przyjaci\u00f3\u0142. Niekt\u00f3rym z nas nawet \u0142ezka zakr\u0119ci\u0142a si\u0119 w oku.\u00a0 Przez tych kilka wsp\u00f3lnie sp\u0119dzonych dni zd\u0105\u017cyli\u015bmy dobrze si\u0119 pozna\u0107 i polubi\u0107. Nasi go\u015bcie serdecznie podzi\u0119kowali nam za wspaniale zaplanowan\u0105 wymian\u0119. Zapewnili, \u017ce wyje\u017cd\u017caj\u0105 pe\u0142ni wra\u017ce\u0144 i mi\u0142o wspomina\u0107 b\u0119d\u0105 sw\u00f3j pobyt w Polsce. Mamy nadziej\u0119, \u017ce kontakty, zawi\u0105zane mi\u0119dzy nami podczas wymiany, b\u0119d\u0105 trwa\u0142e, \u017ce nasza znajomo\u015b\u0107 przetrwa i b\u0119dzie jeszcze okazja, aby spotka\u0107 si\u0119 ponownie. Ju\u017c bardziej prywatnie&#8230;<\/span><\/p>\n<p data-wp-editing=\"1\"><a href=\"https:\/\/zsme.poznan.pl\/wp-content\/uploads\/2021\/12\/EFr2.jpg\" data-rel=\"lightbox-image-0\" data-rl_title=\"\" data-rl_caption=\"\" title=\"\"><img fetchpriority=\"high\" decoding=\"async\" class=\"aligncenter wp-image-9806 size-full\" src=\"https:\/\/zsme.poznan.pl\/wp-content\/uploads\/2021\/12\/EFr2.jpg\" alt=\"\" width=\"1024\" height=\"677\" srcset=\"https:\/\/zsme.poznan.pl\/wp-content\/uploads\/2021\/12\/EFr2.jpg 1024w, https:\/\/zsme.poznan.pl\/wp-content\/uploads\/2021\/12\/EFr2-300x198.jpg 300w, https:\/\/zsme.poznan.pl\/wp-content\/uploads\/2021\/12\/EFr2-768x508.jpg 768w, https:\/\/zsme.poznan.pl\/wp-content\/uploads\/2021\/12\/EFr2-800x529.jpg 800w\" sizes=\"(max-width: 1024px) 100vw, 1024px\" \/><\/a> <a href=\"https:\/\/zsme.poznan.pl\/wp-content\/uploads\/2021\/12\/EFr1.jpg\" data-rel=\"lightbox-image-1\" data-rl_title=\"\" data-rl_caption=\"\" title=\"\"><img decoding=\"async\" class=\"aligncenter wp-image-9807 size-full\" src=\"https:\/\/zsme.poznan.pl\/wp-content\/uploads\/2021\/12\/EFr1.jpg\" alt=\"\" width=\"1024\" height=\"681\" srcset=\"https:\/\/zsme.poznan.pl\/wp-content\/uploads\/2021\/12\/EFr1.jpg 1024w, https:\/\/zsme.poznan.pl\/wp-content\/uploads\/2021\/12\/EFr1-300x200.jpg 300w, https:\/\/zsme.poznan.pl\/wp-content\/uploads\/2021\/12\/EFr1-768x511.jpg 768w, https:\/\/zsme.poznan.pl\/wp-content\/uploads\/2021\/12\/EFr1-800x532.jpg 800w\" sizes=\"(max-width: 1024px) 100vw, 1024px\" \/><\/a><\/p>\n","protected":false},"excerpt":{"rendered":"<p>Z PAMI\u0118TNIKA WYMIANY POLSKO &#8211; FRANCUSKIEJ ERASMUS+ Dzie\u0144 1 \u00a0 19.11.2021 Naszemu oczekiwaniu na przyjazd uczni\u00f3w z Francji w ramach wymiany Erasmus+ towarzyszy\u0142y r\u00f3\u017cne emocje. Byli\u015bmy podekscytowani, ale jednocze\u015bnie stawiali\u015bmy sobie r\u00f3\u017cne pytania &#8211; czy wszystko si\u0119 uda, czy nasi go\u015bcie b\u0119d\u0105 zadowoleni z pobytu w Polsce, czy nic nie pokrzy\u017cuje naszych plan\u00f3w? Pami\u0119tali\u015bmy przecie\u017c, [&hellip;]<\/p>\n","protected":false},"author":1,"featured_media":0,"comment_status":"open","ping_status":"open","sticky":false,"template":"","format":"standard","meta":{"footnotes":""},"categories":[50],"tags":[],"class_list":["post-9786","post","type-post","status-publish","format-standard","hentry","category-erasmuswu"],"_links":{"self":[{"href":"https:\/\/zsme.poznan.pl\/index.php?rest_route=\/wp\/v2\/posts\/9786","targetHints":{"allow":["GET"]}}],"collection":[{"href":"https:\/\/zsme.poznan.pl\/index.php?rest_route=\/wp\/v2\/posts"}],"about":[{"href":"https:\/\/zsme.poznan.pl\/index.php?rest_route=\/wp\/v2\/types\/post"}],"author":[{"embeddable":true,"href":"https:\/\/zsme.poznan.pl\/index.php?rest_route=\/wp\/v2\/users\/1"}],"replies":[{"embeddable":true,"href":"https:\/\/zsme.poznan.pl\/index.php?rest_route=%2Fwp%2Fv2%2Fcomments&post=9786"}],"version-history":[{"count":0,"href":"https:\/\/zsme.poznan.pl\/index.php?rest_route=\/wp\/v2\/posts\/9786\/revisions"}],"wp:attachment":[{"href":"https:\/\/zsme.poznan.pl\/index.php?rest_route=%2Fwp%2Fv2%2Fmedia&parent=9786"}],"wp:term":[{"taxonomy":"category","embeddable":true,"href":"https:\/\/zsme.poznan.pl\/index.php?rest_route=%2Fwp%2Fv2%2Fcategories&post=9786"},{"taxonomy":"post_tag","embeddable":true,"href":"https:\/\/zsme.poznan.pl\/index.php?rest_route=%2Fwp%2Fv2%2Ftags&post=9786"}],"curies":[{"name":"wp","href":"https:\/\/api.w.org\/{rel}","templated":true}]}}